{"id":3101,"date":"2025-06-02T13:39:30","date_gmt":"2025-06-02T11:39:30","guid":{"rendered":"https:\/\/www.warynski.pl\/?p=3101"},"modified":"2025-06-02T13:39:32","modified_gmt":"2025-06-02T11:39:32","slug":"ogloszenie-o-wszczeciu-postepowania-kwalifikacyjnego-na-stanowisko-czlonka-zarzadu-spolki-pod-firma-ms-warynski-development-s-a-z-siedziba-w-warszawie-3","status":"publish","type":"post","link":"https:\/\/www.warynski.pl\/ogloszenie-o-wszczeciu-postepowania-kwalifikacyjnego-na-stanowisko-czlonka-zarzadu-spolki-pod-firma-ms-warynski-development-s-a-z-siedziba-w-warszawie-3\/","title":{"rendered":"Og\u0142oszenie o wszcz\u0119ciu post\u0119powania kwalifikacyjnego na stanowisko Cz\u0142onka Zarz\u0105du sp\u00f3\u0142ki pod firm\u0105 MS Wary\u0144ski Development S.A. z siedzib\u0105 w Warszawie"},"content":{"rendered":"<p>Rada Nadzorcza Sp\u00f3\u0142ki MS Wary\u0144ski Development S.A. z siedzib\u0105 w Warszawie dzia\u0142aj\u0105c na podstawie \u00a7 20 ust. 9 Statutu Sp\u00f3\u0142ki, og\u0142asza wszcz\u0119cie post\u0119powania kwalifikacyjnego na stanowisko <strong>Cz\u0142onka Zarz\u0105du<\/strong>\u00a0Sp\u00f3\u0142ki.<\/p>\n\n<section>\n            <div class=\"flex gap-clamp-40 py-clamp-32 border-b-1 border-neutral-100 lg:pl-clamp-40 border-t-1\">\n            <p class=\"h6 font-semibold text-neutral-500 uppercase\">pdf<\/p>\n            <a href=\"https:\/\/www.warynski.pl\/ogloszenie-o-wszczeciu-postepowania-kwalifikacyjnego-na-stanowisko-czlonka-zarzadu-spolki-pod-firma-ms-warynski-development-s-a-z-siedziba-w-warszawie-3\/ogloszenie-czlonek-zarzadu\/\" download class=\"h6 text-neutral-1000 font-semibold hover:underline\">OG\u0141OSZENIE Cz\u0142onek Zarz\u0105du<\/a>\n        <\/div>\n            <div class=\"flex gap-clamp-40 py-clamp-32 border-b-1 border-neutral-100 lg:pl-clamp-40 \">\n            <p class=\"h6 font-semibold text-neutral-500 uppercase\">vnd.openxmlformats-officedocument.wordprocessingml.document<\/p>\n            <a href=\"https:\/\/www.warynski.pl\/ogloszenie-o-wszczeciu-postepowania-kwalifikacyjnego-na-stanowisko-czlonka-zarzadu-spolki-pod-firma-ms-warynski-development-s-a-z-siedziba-w-warszawie-3\/zalacznik-nr-1-oswiadczenie-kandydata-3\/\" download class=\"h6 text-neutral-1000 font-semibold hover:underline\">Za\u0142. nr 1 &#8211; o\u015bwiadczenie kandydata<\/a>\n        <\/div>\n            <div class=\"flex gap-clamp-40 py-clamp-32 border-b-1 border-neutral-100 lg:pl-clamp-40 \">\n            <p class=\"h6 font-semibold text-neutral-500 uppercase\">vnd.openxmlformats-officedocument.wordprocessingml.document<\/p>\n            <a href=\"https:\/\/www.warynski.pl\/ogloszenie-o-wszczeciu-postepowania-kwalifikacyjnego-na-stanowisko-czlonka-zarzadu-spolki-pod-firma-ms-warynski-development-s-a-z-siedziba-w-warszawie-3\/zalacznik-nr-2-przetwarzanie-danych-osobowych-3\/\" download class=\"h6 text-neutral-1000 font-semibold hover:underline\">Za\u0142. nr 2 &#8211; przetwarzanie danych osobowych<\/a>\n        <\/div>\n    <\/section>","protected":false},"excerpt":"Rada Nadzorcza Sp\u00f3\u0142ki MS Wary\u0144ski Development S.A. z siedzib\u0105 w Warszawie dzia\u0142aj\u0105c na podstawie \u00a7 20 ust. 9 Statutu Sp\u00f3\u0142ki, og\u0142asza wszcz\u0119cie post\u0119powania kwalifikacyjnego na stanowisko Cz\u0142onka Zarz\u0105du\u00a0Sp\u00f3\u0142ki.","author":3,"featured_media":1910,"comment_status":"closed","ping_status":"closed","sticky":false,"template":"","format":"standard","meta":{"_acf_changed":false,"inline_featured_image":false,"footnotes":""},"categories":[1],"tags":[],"class_list":["post-3101","post","type-post","status-publish","format-standard","has-post-thumbnail","hentry","category-bez-kategorii"],"acf":[],"yoast_head":"<!-- This site is optimized with the Yoast SEO plugin v27.3 - https:\/\/yoast.com\/product\/yoast-seo-wordpress\/ -->\n<title>Og\u0142oszenie o wszcz\u0119ciu post\u0119powania kwalifikacyjnego na stanowisko Cz\u0142onka Zarz\u0105du sp\u00f3\u0142ki pod firm\u0105 MS Wary\u0144ski Development S.A. z siedzib\u0105 w Warszawie - Wary\u0144ski S.A. Grupa Holdingowa<\/title>\n<meta name=\"robots\" content=\"index, follow, max-snippet:-1, max-image-preview:large, max-video-preview:-1\" \/>\n<link rel=\"canonical\" href=\"https:\/\/www.warynski.pl\/ogloszenie-o-wszczeciu-postepowania-kwalifikacyjnego-na-stanowisko-czlonka-zarzadu-spolki-pod-firma-ms-warynski-development-s-a-z-siedziba-w-warszawie-3\/\" \/>\n<meta property=\"og:locale\" content=\"pl_PL\" \/>\n<meta property=\"og:type\" content=\"article\" \/>\n<meta property=\"og:title\" content=\"Og\u0142oszenie o wszcz\u0119ciu post\u0119powania kwalifikacyjnego na stanowisko Cz\u0142onka Zarz\u0105du sp\u00f3\u0142ki pod firm\u0105 MS Wary\u0144ski Development S.A. z siedzib\u0105 w Warszawie - Wary\u0144ski S.A. Grupa Holdingowa\" \/>\n<meta property=\"og:description\" content=\"Rada Nadzorcza Sp\u00f3\u0142ki MS Wary\u0144ski Development S.A. z siedzib\u0105 w Warszawie dzia\u0142aj\u0105c na podstawie \u00a7 20 ust. 9 Statutu Sp\u00f3\u0142ki, og\u0142asza wszcz\u0119cie post\u0119powania kwalifikacyjnego na stanowisko Cz\u0142onka Zarz\u0105du\u00a0Sp\u00f3\u0142ki.\" \/>\n<meta property=\"og:url\" content=\"https:\/\/www.warynski.pl\/ogloszenie-o-wszczeciu-postepowania-kwalifikacyjnego-na-stanowisko-czlonka-zarzadu-spolki-pod-firma-ms-warynski-development-s-a-z-siedziba-w-warszawie-3\/\" \/>\n<meta property=\"og:site_name\" content=\"Wary\u0144ski S.A. Grupa Holdingowa\" \/>\n<meta property=\"article:publisher\" content=\"https:\/\/www.facebook.com\/GrupaWarynski\" \/>\n<meta property=\"article:published_time\" content=\"2025-06-02T11:39:30+00:00\" \/>\n<meta property=\"article:modified_time\" content=\"2025-06-02T11:39:32+00:00\" \/>\n<meta property=\"og:image\" content=\"https:\/\/www.warynski.pl\/wp-content\/uploads\/2024\/10\/01_EQ_007.jpg\" \/>\n\t<meta property=\"og:image:width\" content=\"1500\" \/>\n\t<meta property=\"og:image:height\" content=\"1000\" \/>\n\t<meta property=\"og:image:type\" content=\"image\/jpeg\" \/>\n<meta name=\"author\" content=\"a.lemanowicz\" \/>\n<meta name=\"twitter:card\" content=\"summary_large_image\" \/>\n<meta name=\"twitter:label1\" content=\"Napisane przez\" \/>\n\t<meta name=\"twitter:data1\" content=\"a.lemanowicz\" \/>\n\t<meta name=\"twitter:label2\" content=\"Szacowany czas czytania\" \/>\n\t<meta name=\"twitter:data2\" content=\"1 minuta\" \/>\n<script type=\"application\/ld+json\" class=\"yoast-schema-graph\">{\"@context\":\"https:\\\/\\\/schema.org\",\"@graph\":[{\"@type\":\"Article\",\"@id\":\"https:\\\/\\\/www.warynski.pl\\\/ogloszenie-o-wszczeciu-postepowania-kwalifikacyjnego-na-stanowisko-czlonka-zarzadu-spolki-pod-firma-ms-warynski-development-s-a-z-siedziba-w-warszawie-3\\\/#article\",\"isPartOf\":{\"@id\":\"https:\\\/\\\/www.warynski.pl\\\/ogloszenie-o-wszczeciu-postepowania-kwalifikacyjnego-na-stanowisko-czlonka-zarzadu-spolki-pod-firma-ms-warynski-development-s-a-z-siedziba-w-warszawie-3\\\/\"},\"author\":{\"name\":\"a.lemanowicz\",\"@id\":\"https:\\\/\\\/www.warynski.pl\\\/#\\\/schema\\\/person\\\/5afe7af35ef4098378823e235cc939b6\"},\"headline\":\"Og\u0142oszenie o wszcz\u0119ciu post\u0119powania kwalifikacyjnego na stanowisko Cz\u0142onka Zarz\u0105du sp\u00f3\u0142ki pod firm\u0105 MS Wary\u0144ski Development S.A. z siedzib\u0105 w Warszawie\",\"datePublished\":\"2025-06-02T11:39:30+00:00\",\"dateModified\":\"2025-06-02T11:39:32+00:00\",\"mainEntityOfPage\":{\"@id\":\"https:\\\/\\\/www.warynski.pl\\\/ogloszenie-o-wszczeciu-postepowania-kwalifikacyjnego-na-stanowisko-czlonka-zarzadu-spolki-pod-firma-ms-warynski-development-s-a-z-siedziba-w-warszawie-3\\\/\"},\"wordCount\":66,\"publisher\":{\"@id\":\"https:\\\/\\\/www.warynski.pl\\\/#organization\"},\"image\":{\"@id\":\"https:\\\/\\\/www.warynski.pl\\\/ogloszenie-o-wszczeciu-postepowania-kwalifikacyjnego-na-stanowisko-czlonka-zarzadu-spolki-pod-firma-ms-warynski-development-s-a-z-siedziba-w-warszawie-3\\\/#primaryimage\"},\"thumbnailUrl\":\"https:\\\/\\\/www.warynski.pl\\\/wp-content\\\/uploads\\\/2024\\\/10\\\/01_EQ_007.jpg\",\"inLanguage\":\"pl-PL\"},{\"@type\":\"WebPage\",\"@id\":\"https:\\\/\\\/www.warynski.pl\\\/ogloszenie-o-wszczeciu-postepowania-kwalifikacyjnego-na-stanowisko-czlonka-zarzadu-spolki-pod-firma-ms-warynski-development-s-a-z-siedziba-w-warszawie-3\\\/\",\"url\":\"https:\\\/\\\/www.warynski.pl\\\/ogloszenie-o-wszczeciu-postepowania-kwalifikacyjnego-na-stanowisko-czlonka-zarzadu-spolki-pod-firma-ms-warynski-development-s-a-z-siedziba-w-warszawie-3\\\/\",\"name\":\"Og\u0142oszenie o wszcz\u0119ciu post\u0119powania kwalifikacyjnego na stanowisko Cz\u0142onka Zarz\u0105du sp\u00f3\u0142ki pod firm\u0105 MS Wary\u0144ski Development S.A. z siedzib\u0105 w Warszawie - Wary\u0144ski S.A. Grupa Holdingowa\",\"isPartOf\":{\"@id\":\"https:\\\/\\\/www.warynski.pl\\\/#website\"},\"primaryImageOfPage\":{\"@id\":\"https:\\\/\\\/www.warynski.pl\\\/ogloszenie-o-wszczeciu-postepowania-kwalifikacyjnego-na-stanowisko-czlonka-zarzadu-spolki-pod-firma-ms-warynski-development-s-a-z-siedziba-w-warszawie-3\\\/#primaryimage\"},\"image\":{\"@id\":\"https:\\\/\\\/www.warynski.pl\\\/ogloszenie-o-wszczeciu-postepowania-kwalifikacyjnego-na-stanowisko-czlonka-zarzadu-spolki-pod-firma-ms-warynski-development-s-a-z-siedziba-w-warszawie-3\\\/#primaryimage\"},\"thumbnailUrl\":\"https:\\\/\\\/www.warynski.pl\\\/wp-content\\\/uploads\\\/2024\\\/10\\\/01_EQ_007.jpg\",\"datePublished\":\"2025-06-02T11:39:30+00:00\",\"dateModified\":\"2025-06-02T11:39:32+00:00\",\"breadcrumb\":{\"@id\":\"https:\\\/\\\/www.warynski.pl\\\/ogloszenie-o-wszczeciu-postepowania-kwalifikacyjnego-na-stanowisko-czlonka-zarzadu-spolki-pod-firma-ms-warynski-development-s-a-z-siedziba-w-warszawie-3\\\/#breadcrumb\"},\"inLanguage\":\"pl-PL\",\"potentialAction\":[{\"@type\":\"ReadAction\",\"target\":[\"https:\\\/\\\/www.warynski.pl\\\/ogloszenie-o-wszczeciu-postepowania-kwalifikacyjnego-na-stanowisko-czlonka-zarzadu-spolki-pod-firma-ms-warynski-development-s-a-z-siedziba-w-warszawie-3\\\/\"]}]},{\"@type\":\"ImageObject\",\"inLanguage\":\"pl-PL\",\"@id\":\"https:\\\/\\\/www.warynski.pl\\\/ogloszenie-o-wszczeciu-postepowania-kwalifikacyjnego-na-stanowisko-czlonka-zarzadu-spolki-pod-firma-ms-warynski-development-s-a-z-siedziba-w-warszawie-3\\\/#primaryimage\",\"url\":\"https:\\\/\\\/www.warynski.pl\\\/wp-content\\\/uploads\\\/2024\\\/10\\\/01_EQ_007.jpg\",\"contentUrl\":\"https:\\\/\\\/www.warynski.pl\\\/wp-content\\\/uploads\\\/2024\\\/10\\\/01_EQ_007.jpg\",\"width\":1500,\"height\":1000},{\"@type\":\"BreadcrumbList\",\"@id\":\"https:\\\/\\\/www.warynski.pl\\\/ogloszenie-o-wszczeciu-postepowania-kwalifikacyjnego-na-stanowisko-czlonka-zarzadu-spolki-pod-firma-ms-warynski-development-s-a-z-siedziba-w-warszawie-3\\\/#breadcrumb\",\"itemListElement\":[{\"@type\":\"ListItem\",\"position\":1,\"name\":\"Strona g\u0142\u00f3wna\",\"item\":\"https:\\\/\\\/www.warynski.pl\\\/\"},{\"@type\":\"ListItem\",\"position\":2,\"name\":\"Og\u0142oszenie o wszcz\u0119ciu post\u0119powania kwalifikacyjnego na stanowisko Cz\u0142onka Zarz\u0105du sp\u00f3\u0142ki pod firm\u0105 MS Wary\u0144ski Development S.A. z siedzib\u0105 w Warszawie\"}]},{\"@type\":\"WebSite\",\"@id\":\"https:\\\/\\\/www.warynski.pl\\\/#website\",\"url\":\"https:\\\/\\\/www.warynski.pl\\\/\",\"name\":\"Wary\u0144ski S.A. Grupa Holdingowa\",\"description\":\"\",\"publisher\":{\"@id\":\"https:\\\/\\\/www.warynski.pl\\\/#organization\"},\"potentialAction\":[{\"@type\":\"SearchAction\",\"target\":{\"@type\":\"EntryPoint\",\"urlTemplate\":\"https:\\\/\\\/www.warynski.pl\\\/?s={search_term_string}\"},\"query-input\":{\"@type\":\"PropertyValueSpecification\",\"valueRequired\":true,\"valueName\":\"search_term_string\"}}],\"inLanguage\":\"pl-PL\"},{\"@type\":\"Organization\",\"@id\":\"https:\\\/\\\/www.warynski.pl\\\/#organization\",\"name\":\"Wary\u0144ski S.A. Grupa Holdingowa\",\"url\":\"https:\\\/\\\/www.warynski.pl\\\/\",\"logo\":{\"@type\":\"ImageObject\",\"inLanguage\":\"pl-PL\",\"@id\":\"https:\\\/\\\/www.warynski.pl\\\/#\\\/schema\\\/logo\\\/image\\\/\",\"url\":\"https:\\\/\\\/www.warynski.pl\\\/wp-content\\\/uploads\\\/2024\\\/09\\\/logo-signet-1.svg\",\"contentUrl\":\"https:\\\/\\\/www.warynski.pl\\\/wp-content\\\/uploads\\\/2024\\\/09\\\/logo-signet-1.svg\",\"width\":56,\"height\":56,\"caption\":\"Wary\u0144ski S.A. Grupa Holdingowa\"},\"image\":{\"@id\":\"https:\\\/\\\/www.warynski.pl\\\/#\\\/schema\\\/logo\\\/image\\\/\"},\"sameAs\":[\"https:\\\/\\\/www.facebook.com\\\/GrupaWarynski\",\"https:\\\/\\\/www.instagram.com\\\/warynski_s_a\\\/\"]},{\"@type\":\"Person\",\"@id\":\"https:\\\/\\\/www.warynski.pl\\\/#\\\/schema\\\/person\\\/5afe7af35ef4098378823e235cc939b6\",\"name\":\"a.lemanowicz\"}]}<\/script>\n<!-- \/ Yoast SEO plugin. -->","yoast_head_json":{"title":"Og\u0142oszenie o wszcz\u0119ciu post\u0119powania kwalifikacyjnego na stanowisko Cz\u0142onka Zarz\u0105du sp\u00f3\u0142ki pod firm\u0105 MS Wary\u0144ski Development S.A. z siedzib\u0105 w Warszawie - Wary\u0144ski S.A. Grupa Holdingowa","robots":{"index":"index","follow":"follow","max-snippet":"max-snippet:-1","max-image-preview":"max-image-preview:large","max-video-preview":"max-video-preview:-1"},"canonical":"https:\/\/www.warynski.pl\/ogloszenie-o-wszczeciu-postepowania-kwalifikacyjnego-na-stanowisko-czlonka-zarzadu-spolki-pod-firma-ms-warynski-development-s-a-z-siedziba-w-warszawie-3\/","og_locale":"pl_PL","og_type":"article","og_title":"Og\u0142oszenie o wszcz\u0119ciu post\u0119powania kwalifikacyjnego na stanowisko Cz\u0142onka Zarz\u0105du sp\u00f3\u0142ki pod firm\u0105 MS Wary\u0144ski Development S.A. z siedzib\u0105 w Warszawie - Wary\u0144ski S.A. Grupa Holdingowa","og_description":"Rada Nadzorcza Sp\u00f3\u0142ki MS Wary\u0144ski Development S.A. z siedzib\u0105 w Warszawie dzia\u0142aj\u0105c na podstawie \u00a7 20 ust. 9 Statutu Sp\u00f3\u0142ki, og\u0142asza wszcz\u0119cie post\u0119powania kwalifikacyjnego na stanowisko Cz\u0142onka Zarz\u0105du\u00a0Sp\u00f3\u0142ki.","og_url":"https:\/\/www.warynski.pl\/ogloszenie-o-wszczeciu-postepowania-kwalifikacyjnego-na-stanowisko-czlonka-zarzadu-spolki-pod-firma-ms-warynski-development-s-a-z-siedziba-w-warszawie-3\/","og_site_name":"Wary\u0144ski S.A. Grupa Holdingowa","article_publisher":"https:\/\/www.facebook.com\/GrupaWarynski","article_published_time":"2025-06-02T11:39:30+00:00","article_modified_time":"2025-06-02T11:39:32+00:00","og_image":[{"width":1500,"height":1000,"url":"https:\/\/www.warynski.pl\/wp-content\/uploads\/2024\/10\/01_EQ_007.jpg","type":"image\/jpeg"}],"author":"a.lemanowicz","twitter_card":"summary_large_image","twitter_misc":{"Napisane przez":"a.lemanowicz","Szacowany czas czytania":"1 minuta"},"schema":{"@context":"https:\/\/schema.org","@graph":[{"@type":"Article","@id":"https:\/\/www.warynski.pl\/ogloszenie-o-wszczeciu-postepowania-kwalifikacyjnego-na-stanowisko-czlonka-zarzadu-spolki-pod-firma-ms-warynski-development-s-a-z-siedziba-w-warszawie-3\/#article","isPartOf":{"@id":"https:\/\/www.warynski.pl\/ogloszenie-o-wszczeciu-postepowania-kwalifikacyjnego-na-stanowisko-czlonka-zarzadu-spolki-pod-firma-ms-warynski-development-s-a-z-siedziba-w-warszawie-3\/"},"author":{"name":"a.lemanowicz","@id":"https:\/\/www.warynski.pl\/#\/schema\/person\/5afe7af35ef4098378823e235cc939b6"},"headline":"Og\u0142oszenie o wszcz\u0119ciu post\u0119powania kwalifikacyjnego na stanowisko Cz\u0142onka Zarz\u0105du sp\u00f3\u0142ki pod firm\u0105 MS Wary\u0144ski Development S.A. z siedzib\u0105 w Warszawie","datePublished":"2025-06-02T11:39:30+00:00","dateModified":"2025-06-02T11:39:32+00:00","mainEntityOfPage":{"@id":"https:\/\/www.warynski.pl\/ogloszenie-o-wszczeciu-postepowania-kwalifikacyjnego-na-stanowisko-czlonka-zarzadu-spolki-pod-firma-ms-warynski-development-s-a-z-siedziba-w-warszawie-3\/"},"wordCount":66,"publisher":{"@id":"https:\/\/www.warynski.pl\/#organization"},"image":{"@id":"https:\/\/www.warynski.pl\/ogloszenie-o-wszczeciu-postepowania-kwalifikacyjnego-na-stanowisko-czlonka-zarzadu-spolki-pod-firma-ms-warynski-development-s-a-z-siedziba-w-warszawie-3\/#primaryimage"},"thumbnailUrl":"https:\/\/www.warynski.pl\/wp-content\/uploads\/2024\/10\/01_EQ_007.jpg","inLanguage":"pl-PL"},{"@type":"WebPage","@id":"https:\/\/www.warynski.pl\/ogloszenie-o-wszczeciu-postepowania-kwalifikacyjnego-na-stanowisko-czlonka-zarzadu-spolki-pod-firma-ms-warynski-development-s-a-z-siedziba-w-warszawie-3\/","url":"https:\/\/www.warynski.pl\/ogloszenie-o-wszczeciu-postepowania-kwalifikacyjnego-na-stanowisko-czlonka-zarzadu-spolki-pod-firma-ms-warynski-development-s-a-z-siedziba-w-warszawie-3\/","name":"Og\u0142oszenie o wszcz\u0119ciu post\u0119powania kwalifikacyjnego na stanowisko Cz\u0142onka Zarz\u0105du sp\u00f3\u0142ki pod firm\u0105 MS Wary\u0144ski Development S.A. z siedzib\u0105 w Warszawie - Wary\u0144ski S.A. Grupa Holdingowa","isPartOf":{"@id":"https:\/\/www.warynski.pl\/#website"},"primaryImageOfPage":{"@id":"https:\/\/www.warynski.pl\/ogloszenie-o-wszczeciu-postepowania-kwalifikacyjnego-na-stanowisko-czlonka-zarzadu-spolki-pod-firma-ms-warynski-development-s-a-z-siedziba-w-warszawie-3\/#primaryimage"},"image":{"@id":"https:\/\/www.warynski.pl\/ogloszenie-o-wszczeciu-postepowania-kwalifikacyjnego-na-stanowisko-czlonka-zarzadu-spolki-pod-firma-ms-warynski-development-s-a-z-siedziba-w-warszawie-3\/#primaryimage"},"thumbnailUrl":"https:\/\/www.warynski.pl\/wp-content\/uploads\/2024\/10\/01_EQ_007.jpg","datePublished":"2025-06-02T11:39:30+00:00","dateModified":"2025-06-02T11:39:32+00:00","breadcrumb":{"@id":"https:\/\/www.warynski.pl\/ogloszenie-o-wszczeciu-postepowania-kwalifikacyjnego-na-stanowisko-czlonka-zarzadu-spolki-pod-firma-ms-warynski-development-s-a-z-siedziba-w-warszawie-3\/#breadcrumb"},"inLanguage":"pl-PL","potentialAction":[{"@type":"ReadAction","target":["https:\/\/www.warynski.pl\/ogloszenie-o-wszczeciu-postepowania-kwalifikacyjnego-na-stanowisko-czlonka-zarzadu-spolki-pod-firma-ms-warynski-development-s-a-z-siedziba-w-warszawie-3\/"]}]},{"@type":"ImageObject","inLanguage":"pl-PL","@id":"https:\/\/www.warynski.pl\/ogloszenie-o-wszczeciu-postepowania-kwalifikacyjnego-na-stanowisko-czlonka-zarzadu-spolki-pod-firma-ms-warynski-development-s-a-z-siedziba-w-warszawie-3\/#primaryimage","url":"https:\/\/www.warynski.pl\/wp-content\/uploads\/2024\/10\/01_EQ_007.jpg","contentUrl":"https:\/\/www.warynski.pl\/wp-content\/uploads\/2024\/10\/01_EQ_007.jpg","width":1500,"height":1000},{"@type":"BreadcrumbList","@id":"https:\/\/www.warynski.pl\/ogloszenie-o-wszczeciu-postepowania-kwalifikacyjnego-na-stanowisko-czlonka-zarzadu-spolki-pod-firma-ms-warynski-development-s-a-z-siedziba-w-warszawie-3\/#breadcrumb","itemListElement":[{"@type":"ListItem","position":1,"name":"Strona g\u0142\u00f3wna","item":"https:\/\/www.warynski.pl\/"},{"@type":"ListItem","position":2,"name":"Og\u0142oszenie o wszcz\u0119ciu post\u0119powania kwalifikacyjnego na stanowisko Cz\u0142onka Zarz\u0105du sp\u00f3\u0142ki pod firm\u0105 MS Wary\u0144ski Development S.A. z siedzib\u0105 w Warszawie"}]},{"@type":"WebSite","@id":"https:\/\/www.warynski.pl\/#website","url":"https:\/\/www.warynski.pl\/","name":"Wary\u0144ski S.A. Grupa Holdingowa","description":"","publisher":{"@id":"https:\/\/www.warynski.pl\/#organization"},"potentialAction":[{"@type":"SearchAction","target":{"@type":"EntryPoint","urlTemplate":"https:\/\/www.warynski.pl\/?s={search_term_string}"},"query-input":{"@type":"PropertyValueSpecification","valueRequired":true,"valueName":"search_term_string"}}],"inLanguage":"pl-PL"},{"@type":"Organization","@id":"https:\/\/www.warynski.pl\/#organization","name":"Wary\u0144ski S.A. Grupa Holdingowa","url":"https:\/\/www.warynski.pl\/","logo":{"@type":"ImageObject","inLanguage":"pl-PL","@id":"https:\/\/www.warynski.pl\/#\/schema\/logo\/image\/","url":"https:\/\/www.warynski.pl\/wp-content\/uploads\/2024\/09\/logo-signet-1.svg","contentUrl":"https:\/\/www.warynski.pl\/wp-content\/uploads\/2024\/09\/logo-signet-1.svg","width":56,"height":56,"caption":"Wary\u0144ski S.A. Grupa Holdingowa"},"image":{"@id":"https:\/\/www.warynski.pl\/#\/schema\/logo\/image\/"},"sameAs":["https:\/\/www.facebook.com\/GrupaWarynski","https:\/\/www.instagram.com\/warynski_s_a\/"]},{"@type":"Person","@id":"https:\/\/www.warynski.pl\/#\/schema\/person\/5afe7af35ef4098378823e235cc939b6","name":"a.lemanowicz"}]}},"gutenberg_blocks":[{"blockName":"custom-styles","attrs":{"styles":""}},{"blockName":"acf\/attachments","attrs":{"name":"acf\/attachments","data":{"attachments_0_file":3103,"_attachments_0_file":"field_66d1c1837dd26","attachments_0_file_name":"OG\u0141OSZENIE Cz\u0142onek Zarz\u0105du","_attachments_0_file_name":"field_66d1c1dd8e4b4","attachments_1_file":3104,"_attachments_1_file":"field_66d1c1837dd26","attachments_1_file_name":"Za\u0142. nr 1 - o\u015bwiadczenie kandydata","_attachments_1_file_name":"field_66d1c1dd8e4b4","attachments_2_file":3105,"_attachments_2_file":"field_66d1c1837dd26","attachments_2_file_name":"Za\u0142. nr 2 - przetwarzanie danych osobowych","_attachments_2_file_name":"field_66d1c1dd8e4b4","attachments":3,"_attachments":"field_66d1c1607dd24"},"mode":"edit"},"innerBlocks":[],"innerHTML":"","innerContent":[]}],"meta_data":false,"featured_image":{"url":"https:\/\/www.warynski.pl\/wp-content\/uploads\/2024\/10\/01_EQ_007-1024x683.jpg"},"main_category":{"name":"Bez kategorii"},"prev_page":{"slug":"grupa-warynski-na-kongresie-bezpieczenstwo-polski-w-rzeszowie"},"next_page":{"slug":"ogloszenie-o-wszczeciu-postepowania-kwalifikacyjnego-na-stanowisko-prezesa-zarzadu-spolki-pod-firma-ms-warynski-development-s-a-z-siedziba-w-warszawie-2"},"_links":{"self":[{"href":"https:\/\/www.warynski.pl\/index.php\/wp-json\/wp\/v2\/posts\/3101","targetHints":{"allow":["GET"]}}],"collection":[{"href":"https:\/\/www.warynski.pl\/index.php\/wp-json\/wp\/v2\/posts"}],"about":[{"href":"https:\/\/www.warynski.pl\/index.php\/wp-json\/wp\/v2\/types\/post"}],"author":[{"embeddable":true,"href":"https:\/\/www.warynski.pl\/index.php\/wp-json\/wp\/v2\/users\/3"}],"replies":[{"embeddable":true,"href":"https:\/\/www.warynski.pl\/index.php\/wp-json\/wp\/v2\/comments?post=3101"}],"version-history":[{"count":2,"href":"https:\/\/www.warynski.pl\/index.php\/wp-json\/wp\/v2\/posts\/3101\/revisions"}],"predecessor-version":[{"id":3107,"href":"https:\/\/www.warynski.pl\/index.php\/wp-json\/wp\/v2\/posts\/3101\/revisions\/3107"}],"wp:featuredmedia":[{"embeddable":true,"href":"https:\/\/www.warynski.pl\/index.php\/wp-json\/wp\/v2\/media\/1910"}],"wp:attachment":[{"href":"https:\/\/www.warynski.pl\/index.php\/wp-json\/wp\/v2\/media?parent=3101"}],"wp:term":[{"taxonomy":"category","embeddable":true,"href":"https:\/\/www.warynski.pl\/index.php\/wp-json\/wp\/v2\/categories?post=3101"},{"taxonomy":"post_tag","embeddable":true,"href":"https:\/\/www.warynski.pl\/index.php\/wp-json\/wp\/v2\/tags?post=3101"}],"curies":[{"name":"wp","href":"https:\/\/api.w.org\/{rel}","templated":true}]}}