{"id":3137,"date":"2025-06-23T15:49:23","date_gmt":"2025-06-23T13:49:23","guid":{"rendered":"https:\/\/www.warynski.pl\/?p=3137"},"modified":"2025-06-23T16:06:04","modified_gmt":"2025-06-23T14:06:04","slug":"nowy-prezes-i-wiceprezes-zarzadu-warynski-s-a-grupa-holdingowa","status":"publish","type":"post","link":"https:\/\/www.warynski.pl\/nowy-prezes-i-wiceprezes-zarzadu-warynski-s-a-grupa-holdingowa\/","title":{"rendered":"Nowy Prezes i Wiceprezes Zarz\u0105du Wary\u0144ski S.A. Grupa Holdingowa"},"content":{"rendered":"\n<p>Mi\u0142o nam poinformowa\u0107, \u017ce Rada Nadzorcza Wary\u0144ski S.A. Grupa Holdingowa, w wyniku przeprowadzonego post\u0119powania kwalifikacyjnego, powo\u0142a\u0142a na now\u0105 kadencj\u0119 pana <strong>Wojciecha Wilhelma Zhang-Czabanowskiego<\/strong> na stanowisko Prezesa Zarz\u0105du oraz pana <strong>Tomasza Witolda Czuchr\u0119<\/strong> na stanowisko Wiceprezesa Zarz\u0105du.<\/p>\n\n\n\n<p><\/p>\n","protected":false},"excerpt":"Mi\u0142o nam poinformowa\u0107, \u017ce Rada Nadzorcza Wary\u0144ski S.A. Grupa Holdingowa, w wyniku przeprowadzonego post\u0119powania kwalifikacyjnego, powo\u0142a\u0142a na now\u0105 kadencj\u0119 pana Wojciecha Wilhelma Zhang-Czabanowskiego na stanowisko Prezesa Zarz\u0105du oraz pana Tomasza Witolda Czuchr\u0119 na stanowisko Wiceprezesa Zarz\u0105du.","author":3,"featured_media":3142,"comment_status":"closed","ping_status":"closed","sticky":false,"template":"","format":"standard","meta":{"_acf_changed":false,"inline_featured_image":false,"footnotes":""},"categories":[1],"tags":[],"class_list":["post-3137","post","type-post","status-publish","format-standard","has-post-thumbnail","hentry","category-bez-kategorii"],"acf":[],"yoast_head":"<!-- This site is optimized with the Yoast SEO plugin v27.3 - https:\/\/yoast.com\/product\/yoast-seo-wordpress\/ -->\n<title>Nowy Prezes i Wiceprezes Zarz\u0105du Wary\u0144ski S.A. Grupa Holdingowa - Wary\u0144ski S.A. Grupa Holdingowa<\/title>\n<meta name=\"robots\" content=\"index, follow, max-snippet:-1, max-image-preview:large, max-video-preview:-1\" \/>\n<link rel=\"canonical\" href=\"https:\/\/www.warynski.pl\/nowy-prezes-i-wiceprezes-zarzadu-warynski-s-a-grupa-holdingowa\/\" \/>\n<meta property=\"og:locale\" content=\"pl_PL\" \/>\n<meta property=\"og:type\" content=\"article\" \/>\n<meta property=\"og:title\" content=\"Nowy Prezes i Wiceprezes Zarz\u0105du Wary\u0144ski S.A. Grupa Holdingowa - Wary\u0144ski S.A. Grupa Holdingowa\" \/>\n<meta property=\"og:description\" content=\"Mi\u0142o nam poinformowa\u0107, \u017ce Rada Nadzorcza Wary\u0144ski S.A. Grupa Holdingowa, w wyniku przeprowadzonego post\u0119powania kwalifikacyjnego, powo\u0142a\u0142a na now\u0105 kadencj\u0119 pana Wojciecha Wilhelma Zhang-Czabanowskiego na stanowisko Prezesa Zarz\u0105du oraz pana Tomasza Witolda Czuchr\u0119 na stanowisko Wiceprezesa Zarz\u0105du.\" \/>\n<meta property=\"og:url\" content=\"https:\/\/www.warynski.pl\/nowy-prezes-i-wiceprezes-zarzadu-warynski-s-a-grupa-holdingowa\/\" \/>\n<meta property=\"og:site_name\" content=\"Wary\u0144ski S.A. Grupa Holdingowa\" \/>\n<meta property=\"article:publisher\" content=\"https:\/\/www.facebook.com\/GrupaWarynski\" \/>\n<meta property=\"article:published_time\" content=\"2025-06-23T13:49:23+00:00\" \/>\n<meta property=\"article:modified_time\" content=\"2025-06-23T14:06:04+00:00\" \/>\n<meta property=\"og:image\" content=\"https:\/\/www.warynski.pl\/wp-content\/uploads\/2025\/06\/Bez-nazwy-A4-orientacja-pozioma-e1750687530456-1024x377.png\" \/>\n\t<meta property=\"og:image:width\" content=\"1024\" \/>\n\t<meta property=\"og:image:height\" content=\"377\" \/>\n\t<meta property=\"og:image:type\" content=\"image\/png\" \/>\n<meta name=\"author\" content=\"a.lemanowicz\" \/>\n<meta name=\"twitter:card\" content=\"summary_large_image\" \/>\n<meta name=\"twitter:label1\" content=\"Napisane przez\" \/>\n\t<meta name=\"twitter:data1\" content=\"a.lemanowicz\" \/>\n\t<meta name=\"twitter:label2\" content=\"Szacowany czas czytania\" \/>\n\t<meta name=\"twitter:data2\" content=\"1 minuta\" \/>\n<script type=\"application\/ld+json\" class=\"yoast-schema-graph\">{\"@context\":\"https:\\\/\\\/schema.org\",\"@graph\":[{\"@type\":\"Article\",\"@id\":\"https:\\\/\\\/www.warynski.pl\\\/nowy-prezes-i-wiceprezes-zarzadu-warynski-s-a-grupa-holdingowa\\\/#article\",\"isPartOf\":{\"@id\":\"https:\\\/\\\/www.warynski.pl\\\/nowy-prezes-i-wiceprezes-zarzadu-warynski-s-a-grupa-holdingowa\\\/\"},\"author\":{\"name\":\"a.lemanowicz\",\"@id\":\"https:\\\/\\\/www.warynski.pl\\\/#\\\/schema\\\/person\\\/5afe7af35ef4098378823e235cc939b6\"},\"headline\":\"Nowy Prezes i Wiceprezes Zarz\u0105du Wary\u0144ski S.A. Grupa Holdingowa\",\"datePublished\":\"2025-06-23T13:49:23+00:00\",\"dateModified\":\"2025-06-23T14:06:04+00:00\",\"mainEntityOfPage\":{\"@id\":\"https:\\\/\\\/www.warynski.pl\\\/nowy-prezes-i-wiceprezes-zarzadu-warynski-s-a-grupa-holdingowa\\\/\"},\"wordCount\":56,\"publisher\":{\"@id\":\"https:\\\/\\\/www.warynski.pl\\\/#organization\"},\"image\":{\"@id\":\"https:\\\/\\\/www.warynski.pl\\\/nowy-prezes-i-wiceprezes-zarzadu-warynski-s-a-grupa-holdingowa\\\/#primaryimage\"},\"thumbnailUrl\":\"https:\\\/\\\/www.warynski.pl\\\/wp-content\\\/uploads\\\/2025\\\/06\\\/Bez-nazwy-A4-orientacja-pozioma-e1750687530456.png\",\"inLanguage\":\"pl-PL\"},{\"@type\":\"WebPage\",\"@id\":\"https:\\\/\\\/www.warynski.pl\\\/nowy-prezes-i-wiceprezes-zarzadu-warynski-s-a-grupa-holdingowa\\\/\",\"url\":\"https:\\\/\\\/www.warynski.pl\\\/nowy-prezes-i-wiceprezes-zarzadu-warynski-s-a-grupa-holdingowa\\\/\",\"name\":\"Nowy Prezes i Wiceprezes Zarz\u0105du Wary\u0144ski S.A. Grupa Holdingowa - Wary\u0144ski S.A. Grupa Holdingowa\",\"isPartOf\":{\"@id\":\"https:\\\/\\\/www.warynski.pl\\\/#website\"},\"primaryImageOfPage\":{\"@id\":\"https:\\\/\\\/www.warynski.pl\\\/nowy-prezes-i-wiceprezes-zarzadu-warynski-s-a-grupa-holdingowa\\\/#primaryimage\"},\"image\":{\"@id\":\"https:\\\/\\\/www.warynski.pl\\\/nowy-prezes-i-wiceprezes-zarzadu-warynski-s-a-grupa-holdingowa\\\/#primaryimage\"},\"thumbnailUrl\":\"https:\\\/\\\/www.warynski.pl\\\/wp-content\\\/uploads\\\/2025\\\/06\\\/Bez-nazwy-A4-orientacja-pozioma-e1750687530456.png\",\"datePublished\":\"2025-06-23T13:49:23+00:00\",\"dateModified\":\"2025-06-23T14:06:04+00:00\",\"breadcrumb\":{\"@id\":\"https:\\\/\\\/www.warynski.pl\\\/nowy-prezes-i-wiceprezes-zarzadu-warynski-s-a-grupa-holdingowa\\\/#breadcrumb\"},\"inLanguage\":\"pl-PL\",\"potentialAction\":[{\"@type\":\"ReadAction\",\"target\":[\"https:\\\/\\\/www.warynski.pl\\\/nowy-prezes-i-wiceprezes-zarzadu-warynski-s-a-grupa-holdingowa\\\/\"]}]},{\"@type\":\"ImageObject\",\"inLanguage\":\"pl-PL\",\"@id\":\"https:\\\/\\\/www.warynski.pl\\\/nowy-prezes-i-wiceprezes-zarzadu-warynski-s-a-grupa-holdingowa\\\/#primaryimage\",\"url\":\"https:\\\/\\\/www.warynski.pl\\\/wp-content\\\/uploads\\\/2025\\\/06\\\/Bez-nazwy-A4-orientacja-pozioma-e1750687530456.png\",\"contentUrl\":\"https:\\\/\\\/www.warynski.pl\\\/wp-content\\\/uploads\\\/2025\\\/06\\\/Bez-nazwy-A4-orientacja-pozioma-e1750687530456.png\",\"width\":2000,\"height\":737},{\"@type\":\"BreadcrumbList\",\"@id\":\"https:\\\/\\\/www.warynski.pl\\\/nowy-prezes-i-wiceprezes-zarzadu-warynski-s-a-grupa-holdingowa\\\/#breadcrumb\",\"itemListElement\":[{\"@type\":\"ListItem\",\"position\":1,\"name\":\"Strona g\u0142\u00f3wna\",\"item\":\"https:\\\/\\\/www.warynski.pl\\\/\"},{\"@type\":\"ListItem\",\"position\":2,\"name\":\"Nowy Prezes i Wiceprezes Zarz\u0105du Wary\u0144ski S.A. Grupa Holdingowa\"}]},{\"@type\":\"WebSite\",\"@id\":\"https:\\\/\\\/www.warynski.pl\\\/#website\",\"url\":\"https:\\\/\\\/www.warynski.pl\\\/\",\"name\":\"Wary\u0144ski S.A. Grupa Holdingowa\",\"description\":\"\",\"publisher\":{\"@id\":\"https:\\\/\\\/www.warynski.pl\\\/#organization\"},\"potentialAction\":[{\"@type\":\"SearchAction\",\"target\":{\"@type\":\"EntryPoint\",\"urlTemplate\":\"https:\\\/\\\/www.warynski.pl\\\/?s={search_term_string}\"},\"query-input\":{\"@type\":\"PropertyValueSpecification\",\"valueRequired\":true,\"valueName\":\"search_term_string\"}}],\"inLanguage\":\"pl-PL\"},{\"@type\":\"Organization\",\"@id\":\"https:\\\/\\\/www.warynski.pl\\\/#organization\",\"name\":\"Wary\u0144ski S.A. Grupa Holdingowa\",\"url\":\"https:\\\/\\\/www.warynski.pl\\\/\",\"logo\":{\"@type\":\"ImageObject\",\"inLanguage\":\"pl-PL\",\"@id\":\"https:\\\/\\\/www.warynski.pl\\\/#\\\/schema\\\/logo\\\/image\\\/\",\"url\":\"https:\\\/\\\/www.warynski.pl\\\/wp-content\\\/uploads\\\/2024\\\/09\\\/logo-signet-1.svg\",\"contentUrl\":\"https:\\\/\\\/www.warynski.pl\\\/wp-content\\\/uploads\\\/2024\\\/09\\\/logo-signet-1.svg\",\"width\":56,\"height\":56,\"caption\":\"Wary\u0144ski S.A. Grupa Holdingowa\"},\"image\":{\"@id\":\"https:\\\/\\\/www.warynski.pl\\\/#\\\/schema\\\/logo\\\/image\\\/\"},\"sameAs\":[\"https:\\\/\\\/www.facebook.com\\\/GrupaWarynski\",\"https:\\\/\\\/www.instagram.com\\\/warynski_s_a\\\/\"]},{\"@type\":\"Person\",\"@id\":\"https:\\\/\\\/www.warynski.pl\\\/#\\\/schema\\\/person\\\/5afe7af35ef4098378823e235cc939b6\",\"name\":\"a.lemanowicz\"}]}<\/script>\n<!-- \/ Yoast SEO plugin. -->","yoast_head_json":{"title":"Nowy Prezes i Wiceprezes Zarz\u0105du Wary\u0144ski S.A. Grupa Holdingowa - Wary\u0144ski S.A. Grupa Holdingowa","robots":{"index":"index","follow":"follow","max-snippet":"max-snippet:-1","max-image-preview":"max-image-preview:large","max-video-preview":"max-video-preview:-1"},"canonical":"https:\/\/www.warynski.pl\/nowy-prezes-i-wiceprezes-zarzadu-warynski-s-a-grupa-holdingowa\/","og_locale":"pl_PL","og_type":"article","og_title":"Nowy Prezes i Wiceprezes Zarz\u0105du Wary\u0144ski S.A. Grupa Holdingowa - Wary\u0144ski S.A. Grupa Holdingowa","og_description":"Mi\u0142o nam poinformowa\u0107, \u017ce Rada Nadzorcza Wary\u0144ski S.A. Grupa Holdingowa, w wyniku przeprowadzonego post\u0119powania kwalifikacyjnego, powo\u0142a\u0142a na now\u0105 kadencj\u0119 pana Wojciecha Wilhelma Zhang-Czabanowskiego na stanowisko Prezesa Zarz\u0105du oraz pana Tomasza Witolda Czuchr\u0119 na stanowisko Wiceprezesa Zarz\u0105du.","og_url":"https:\/\/www.warynski.pl\/nowy-prezes-i-wiceprezes-zarzadu-warynski-s-a-grupa-holdingowa\/","og_site_name":"Wary\u0144ski S.A. Grupa Holdingowa","article_publisher":"https:\/\/www.facebook.com\/GrupaWarynski","article_published_time":"2025-06-23T13:49:23+00:00","article_modified_time":"2025-06-23T14:06:04+00:00","og_image":[{"width":1024,"height":377,"url":"https:\/\/www.warynski.pl\/wp-content\/uploads\/2025\/06\/Bez-nazwy-A4-orientacja-pozioma-e1750687530456-1024x377.png","type":"image\/png"}],"author":"a.lemanowicz","twitter_card":"summary_large_image","twitter_misc":{"Napisane przez":"a.lemanowicz","Szacowany czas czytania":"1 minuta"},"schema":{"@context":"https:\/\/schema.org","@graph":[{"@type":"Article","@id":"https:\/\/www.warynski.pl\/nowy-prezes-i-wiceprezes-zarzadu-warynski-s-a-grupa-holdingowa\/#article","isPartOf":{"@id":"https:\/\/www.warynski.pl\/nowy-prezes-i-wiceprezes-zarzadu-warynski-s-a-grupa-holdingowa\/"},"author":{"name":"a.lemanowicz","@id":"https:\/\/www.warynski.pl\/#\/schema\/person\/5afe7af35ef4098378823e235cc939b6"},"headline":"Nowy Prezes i Wiceprezes Zarz\u0105du Wary\u0144ski S.A. Grupa Holdingowa","datePublished":"2025-06-23T13:49:23+00:00","dateModified":"2025-06-23T14:06:04+00:00","mainEntityOfPage":{"@id":"https:\/\/www.warynski.pl\/nowy-prezes-i-wiceprezes-zarzadu-warynski-s-a-grupa-holdingowa\/"},"wordCount":56,"publisher":{"@id":"https:\/\/www.warynski.pl\/#organization"},"image":{"@id":"https:\/\/www.warynski.pl\/nowy-prezes-i-wiceprezes-zarzadu-warynski-s-a-grupa-holdingowa\/#primaryimage"},"thumbnailUrl":"https:\/\/www.warynski.pl\/wp-content\/uploads\/2025\/06\/Bez-nazwy-A4-orientacja-pozioma-e1750687530456.png","inLanguage":"pl-PL"},{"@type":"WebPage","@id":"https:\/\/www.warynski.pl\/nowy-prezes-i-wiceprezes-zarzadu-warynski-s-a-grupa-holdingowa\/","url":"https:\/\/www.warynski.pl\/nowy-prezes-i-wiceprezes-zarzadu-warynski-s-a-grupa-holdingowa\/","name":"Nowy Prezes i Wiceprezes Zarz\u0105du Wary\u0144ski S.A. Grupa Holdingowa - Wary\u0144ski S.A. Grupa Holdingowa","isPartOf":{"@id":"https:\/\/www.warynski.pl\/#website"},"primaryImageOfPage":{"@id":"https:\/\/www.warynski.pl\/nowy-prezes-i-wiceprezes-zarzadu-warynski-s-a-grupa-holdingowa\/#primaryimage"},"image":{"@id":"https:\/\/www.warynski.pl\/nowy-prezes-i-wiceprezes-zarzadu-warynski-s-a-grupa-holdingowa\/#primaryimage"},"thumbnailUrl":"https:\/\/www.warynski.pl\/wp-content\/uploads\/2025\/06\/Bez-nazwy-A4-orientacja-pozioma-e1750687530456.png","datePublished":"2025-06-23T13:49:23+00:00","dateModified":"2025-06-23T14:06:04+00:00","breadcrumb":{"@id":"https:\/\/www.warynski.pl\/nowy-prezes-i-wiceprezes-zarzadu-warynski-s-a-grupa-holdingowa\/#breadcrumb"},"inLanguage":"pl-PL","potentialAction":[{"@type":"ReadAction","target":["https:\/\/www.warynski.pl\/nowy-prezes-i-wiceprezes-zarzadu-warynski-s-a-grupa-holdingowa\/"]}]},{"@type":"ImageObject","inLanguage":"pl-PL","@id":"https:\/\/www.warynski.pl\/nowy-prezes-i-wiceprezes-zarzadu-warynski-s-a-grupa-holdingowa\/#primaryimage","url":"https:\/\/www.warynski.pl\/wp-content\/uploads\/2025\/06\/Bez-nazwy-A4-orientacja-pozioma-e1750687530456.png","contentUrl":"https:\/\/www.warynski.pl\/wp-content\/uploads\/2025\/06\/Bez-nazwy-A4-orientacja-pozioma-e1750687530456.png","width":2000,"height":737},{"@type":"BreadcrumbList","@id":"https:\/\/www.warynski.pl\/nowy-prezes-i-wiceprezes-zarzadu-warynski-s-a-grupa-holdingowa\/#breadcrumb","itemListElement":[{"@type":"ListItem","position":1,"name":"Strona g\u0142\u00f3wna","item":"https:\/\/www.warynski.pl\/"},{"@type":"ListItem","position":2,"name":"Nowy Prezes i Wiceprezes Zarz\u0105du Wary\u0144ski S.A. Grupa Holdingowa"}]},{"@type":"WebSite","@id":"https:\/\/www.warynski.pl\/#website","url":"https:\/\/www.warynski.pl\/","name":"Wary\u0144ski S.A. Grupa Holdingowa","description":"","publisher":{"@id":"https:\/\/www.warynski.pl\/#organization"},"potentialAction":[{"@type":"SearchAction","target":{"@type":"EntryPoint","urlTemplate":"https:\/\/www.warynski.pl\/?s={search_term_string}"},"query-input":{"@type":"PropertyValueSpecification","valueRequired":true,"valueName":"search_term_string"}}],"inLanguage":"pl-PL"},{"@type":"Organization","@id":"https:\/\/www.warynski.pl\/#organization","name":"Wary\u0144ski S.A. Grupa Holdingowa","url":"https:\/\/www.warynski.pl\/","logo":{"@type":"ImageObject","inLanguage":"pl-PL","@id":"https:\/\/www.warynski.pl\/#\/schema\/logo\/image\/","url":"https:\/\/www.warynski.pl\/wp-content\/uploads\/2024\/09\/logo-signet-1.svg","contentUrl":"https:\/\/www.warynski.pl\/wp-content\/uploads\/2024\/09\/logo-signet-1.svg","width":56,"height":56,"caption":"Wary\u0144ski S.A. Grupa Holdingowa"},"image":{"@id":"https:\/\/www.warynski.pl\/#\/schema\/logo\/image\/"},"sameAs":["https:\/\/www.facebook.com\/GrupaWarynski","https:\/\/www.instagram.com\/warynski_s_a\/"]},{"@type":"Person","@id":"https:\/\/www.warynski.pl\/#\/schema\/person\/5afe7af35ef4098378823e235cc939b6","name":"a.lemanowicz"}]}},"gutenberg_blocks":[{"blockName":"custom-styles","attrs":{"styles":""}},{"blockName":"core\/paragraph","attrs":[],"innerBlocks":[],"innerHTML":"\n<p>Mi\u0142o nam poinformowa\u0107, \u017ce Rada Nadzorcza Wary\u0144ski S.A. Grupa Holdingowa, w wyniku przeprowadzonego post\u0119powania kwalifikacyjnego, powo\u0142a\u0142a na now\u0105 kadencj\u0119 pana <strong>Wojciecha Wilhelma Zhang-Czabanowskiego<\/strong> na stanowisko Prezesa Zarz\u0105du oraz pana <strong>Tomasza Witolda Czuchr\u0119<\/strong> na stanowisko Wiceprezesa Zarz\u0105du.<\/p>\n","innerContent":["\n<p>Mi\u0142o nam poinformowa\u0107, \u017ce Rada Nadzorcza Wary\u0144ski S.A. Grupa Holdingowa, w wyniku przeprowadzonego post\u0119powania kwalifikacyjnego, powo\u0142a\u0142a na now\u0105 kadencj\u0119 pana <strong>Wojciecha Wilhelma Zhang-Czabanowskiego<\/strong> na stanowisko Prezesa Zarz\u0105du oraz pana <strong>Tomasza Witolda Czuchr\u0119<\/strong> na stanowisko Wiceprezesa Zarz\u0105du.<\/p>\n"]},{"blockName":"core\/paragraph","attrs":[],"innerBlocks":[],"innerHTML":"\n<p><\/p>\n","innerContent":["\n<p><\/p>\n"]}],"meta_data":false,"featured_image":{"url":"https:\/\/www.warynski.pl\/wp-content\/uploads\/2025\/06\/Bez-nazwy-A4-orientacja-pozioma-e1750687530456-1024x377.png"},"main_category":{"name":"Bez kategorii"},"prev_page":{"slug":"grupa-warynski-na-miedzynarodowych-targach-przemyslu-obronnego-w-kielcach"},"next_page":{"slug":"grupa-warynski-na-kongresie-bezpieczenstwo-polski-w-rzeszowie"},"_links":{"self":[{"href":"https:\/\/www.warynski.pl\/index.php\/wp-json\/wp\/v2\/posts\/3137","targetHints":{"allow":["GET"]}}],"collection":[{"href":"https:\/\/www.warynski.pl\/index.php\/wp-json\/wp\/v2\/posts"}],"about":[{"href":"https:\/\/www.warynski.pl\/index.php\/wp-json\/wp\/v2\/types\/post"}],"author":[{"embeddable":true,"href":"https:\/\/www.warynski.pl\/index.php\/wp-json\/wp\/v2\/users\/3"}],"replies":[{"embeddable":true,"href":"https:\/\/www.warynski.pl\/index.php\/wp-json\/wp\/v2\/comments?post=3137"}],"version-history":[{"count":2,"href":"https:\/\/www.warynski.pl\/index.php\/wp-json\/wp\/v2\/posts\/3137\/revisions"}],"predecessor-version":[{"id":3139,"href":"https:\/\/www.warynski.pl\/index.php\/wp-json\/wp\/v2\/posts\/3137\/revisions\/3139"}],"wp:featuredmedia":[{"embeddable":true,"href":"https:\/\/www.warynski.pl\/index.php\/wp-json\/wp\/v2\/media\/3142"}],"wp:attachment":[{"href":"https:\/\/www.warynski.pl\/index.php\/wp-json\/wp\/v2\/media?parent=3137"}],"wp:term":[{"taxonomy":"category","embeddable":true,"href":"https:\/\/www.warynski.pl\/index.php\/wp-json\/wp\/v2\/categories?post=3137"},{"taxonomy":"post_tag","embeddable":true,"href":"https:\/\/www.warynski.pl\/index.php\/wp-json\/wp\/v2\/tags?post=3137"}],"curies":[{"name":"wp","href":"https:\/\/api.w.org\/{rel}","templated":true}]}}