{"id":3259,"date":"2025-09-09T14:37:17","date_gmt":"2025-09-09T12:37:17","guid":{"rendered":"https:\/\/www.warynski.pl\/?p=3259"},"modified":"2025-09-09T14:37:18","modified_gmt":"2025-09-09T12:37:18","slug":"grupa-warynski-na-miedzynarodowych-targach-przemyslu-obronnego-w-kielcach","status":"publish","type":"post","link":"https:\/\/www.warynski.pl\/grupa-warynski-na-miedzynarodowych-targach-przemyslu-obronnego-w-kielcach\/","title":{"rendered":"Grupa Wary\u0144ski na Mi\u0119dzynarodowych Targach Przemys\u0142u Obronnego w Kielcach"},"content":{"rendered":"\n<p><strong>Wary\u0144ski S.A. <\/strong>Grupa Holdingowa uczestniczy\u0142a w M<strong>i\u0119dzynarodowych Targach Przemys\u0142u Obronnego<\/strong>, kt\u00f3re odby\u0142y si\u0119 na pocz\u0105tku wrze\u015bnia w Kielcach.  Celem by\u0142o jednoznaczne wsparcie Polskiej Grupy Zbrojeniowej, kt\u00f3ra posiada dominuj\u0105cy udzia\u0142 w sp\u00f3\u0142ce Wary\u0144ski. Nasza obecno\u015b\u0107 mia\u0142a wyj\u0105tkowo aktywny charakter: brali\u015bmy udzia\u0142 w licznych dyskusjach bran\u017cowych, uczestniczyli\u015bmy w konferencjach prasowych oraz spotykali\u015bmy si\u0119 z osobami o ugruntowanym autorytecie i do\u015bwiadczeniu.<\/p>\n\n\n\n<p>Dni targowe po\u015bwi\u0119cili\u015bmy przede wszystkim obserwacji rynku i budowaniu kontakt\u00f3w \u2014 prowadz\u0105c rozmowy z producentami, uczestnicz\u0105c w panelach eksperckich oraz realizuj\u0105c kr\u00f3tkie, konkretne spotkania z partnerami. Zebrane informacje i relacje pos\u0142u\u017c\u0105 do skutecznego wspierania dzia\u0142a\u0144 PGZ oraz do klarownego okre\u015blenia naszej roli w ca\u0142ym \u0142a\u0144cuchu warto\u015bci.<\/p>\n\n\n\n<p>Wary\u0144ski kontynuuje zaanga\u017cowanie w inicjatywy, kt\u00f3re wzmacniaj\u0105 dialog przemys\u0142u z administracj\u0105 i przyczyniaj\u0105 si\u0119 do podnoszenia odporno\u015bci kraju. <strong>Budujemy dla bezpiecze\u0144stwa!<\/strong><\/p>\n\n\n\n<p>Serdecznie dzi\u0119kujemy organizatorom i partnerom targ\u00f3w za mo\u017cliwo\u015b\u0107 udzia\u0142u w tym wa\u017cnym wydarzeniu.<\/p>\n\n\n\n<figure class=\"wp-block-gallery has-nested-images columns-default is-cropped wp-block-gallery-1 is-layout-flex wp-block-gallery-is-layout-flex\">\n<figure class=\"wp-block-image size-large\"><img loading=\"lazy\" decoding=\"async\" width=\"1024\" height=\"858\" data-id=\"3263\" src=\"https:\/\/www.warynski.pl\/wp-content\/uploads\/2025\/09\/Targi-w-Kielcach-1-1024x858.png\" alt=\"\" class=\"wp-image-3263\" srcset=\"https:\/\/www.warynski.pl\/wp-content\/uploads\/2025\/09\/Targi-w-Kielcach-1-1024x858.png 1024w, https:\/\/www.warynski.pl\/wp-content\/uploads\/2025\/09\/Targi-w-Kielcach-1-300x251.png 300w, https:\/\/www.warynski.pl\/wp-content\/uploads\/2025\/09\/Targi-w-Kielcach-1-768x643.png 768w, https:\/\/www.warynski.pl\/wp-content\/uploads\/2025\/09\/Targi-w-Kielcach-1-500x419.png 500w, https:\/\/www.warynski.pl\/wp-content\/uploads\/2025\/09\/Targi-w-Kielcach-1.png 1146w\" sizes=\"(max-width: 1024px) 100vw, 1024px\" \/><\/figure>\n\n\n\n<figure class=\"wp-block-image size-large\"><img loading=\"lazy\" decoding=\"async\" width=\"960\" height=\"960\" data-id=\"3261\" src=\"https:\/\/www.warynski.pl\/wp-content\/uploads\/2025\/09\/Targi-w-Kielcach-3.png\" alt=\"\" class=\"wp-image-3261\" srcset=\"https:\/\/www.warynski.pl\/wp-content\/uploads\/2025\/09\/Targi-w-Kielcach-3.png 960w, https:\/\/www.warynski.pl\/wp-content\/uploads\/2025\/09\/Targi-w-Kielcach-3-300x300.png 300w, https:\/\/www.warynski.pl\/wp-content\/uploads\/2025\/09\/Targi-w-Kielcach-3-150x150.png 150w, https:\/\/www.warynski.pl\/wp-content\/uploads\/2025\/09\/Targi-w-Kielcach-3-768x768.png 768w, https:\/\/www.warynski.pl\/wp-content\/uploads\/2025\/09\/Targi-w-Kielcach-3-500x500.png 500w\" sizes=\"(max-width: 960px) 100vw, 960px\" \/><\/figure>\n\n\n\n<figure class=\"wp-block-image size-large\"><img loading=\"lazy\" decoding=\"async\" width=\"960\" height=\"960\" data-id=\"3268\" src=\"https:\/\/www.warynski.pl\/wp-content\/uploads\/2025\/09\/Targi-w-Kielcach-5.png\" alt=\"\" class=\"wp-image-3268\" srcset=\"https:\/\/www.warynski.pl\/wp-content\/uploads\/2025\/09\/Targi-w-Kielcach-5.png 960w, https:\/\/www.warynski.pl\/wp-content\/uploads\/2025\/09\/Targi-w-Kielcach-5-300x300.png 300w, https:\/\/www.warynski.pl\/wp-content\/uploads\/2025\/09\/Targi-w-Kielcach-5-150x150.png 150w, https:\/\/www.warynski.pl\/wp-content\/uploads\/2025\/09\/Targi-w-Kielcach-5-768x768.png 768w, https:\/\/www.warynski.pl\/wp-content\/uploads\/2025\/09\/Targi-w-Kielcach-5-500x500.png 500w\" sizes=\"(max-width: 960px) 100vw, 960px\" \/><\/figure>\n\n\n\n<figure class=\"wp-block-image size-large\"><img loading=\"lazy\" decoding=\"async\" width=\"960\" height=\"960\" data-id=\"3264\" src=\"https:\/\/www.warynski.pl\/wp-content\/uploads\/2025\/09\/Targi-w-Kielcach-9.png\" alt=\"\" class=\"wp-image-3264\" srcset=\"https:\/\/www.warynski.pl\/wp-content\/uploads\/2025\/09\/Targi-w-Kielcach-9.png 960w, https:\/\/www.warynski.pl\/wp-content\/uploads\/2025\/09\/Targi-w-Kielcach-9-300x300.png 300w, https:\/\/www.warynski.pl\/wp-content\/uploads\/2025\/09\/Targi-w-Kielcach-9-150x150.png 150w, https:\/\/www.warynski.pl\/wp-content\/uploads\/2025\/09\/Targi-w-Kielcach-9-768x768.png 768w, https:\/\/www.warynski.pl\/wp-content\/uploads\/2025\/09\/Targi-w-Kielcach-9-500x500.png 500w\" sizes=\"(max-width: 960px) 100vw, 960px\" \/><\/figure>\n\n\n\n<figure class=\"wp-block-image size-large\"><img loading=\"lazy\" decoding=\"async\" width=\"960\" height=\"960\" data-id=\"3267\" src=\"https:\/\/www.warynski.pl\/wp-content\/uploads\/2025\/09\/Targi-w-Kielcach-6.png\" alt=\"\" class=\"wp-image-3267\" srcset=\"https:\/\/www.warynski.pl\/wp-content\/uploads\/2025\/09\/Targi-w-Kielcach-6.png 960w, https:\/\/www.warynski.pl\/wp-content\/uploads\/2025\/09\/Targi-w-Kielcach-6-300x300.png 300w, https:\/\/www.warynski.pl\/wp-content\/uploads\/2025\/09\/Targi-w-Kielcach-6-150x150.png 150w, https:\/\/www.warynski.pl\/wp-content\/uploads\/2025\/09\/Targi-w-Kielcach-6-768x768.png 768w, https:\/\/www.warynski.pl\/wp-content\/uploads\/2025\/09\/Targi-w-Kielcach-6-500x500.png 500w\" sizes=\"(max-width: 960px) 100vw, 960px\" \/><\/figure>\n\n\n\n<figure class=\"wp-block-image size-large\"><img loading=\"lazy\" decoding=\"async\" width=\"960\" height=\"960\" data-id=\"3260\" src=\"https:\/\/www.warynski.pl\/wp-content\/uploads\/2025\/09\/Targi-w-Kielcach-4.png\" alt=\"\" class=\"wp-image-3260\" srcset=\"https:\/\/www.warynski.pl\/wp-content\/uploads\/2025\/09\/Targi-w-Kielcach-4.png 960w, https:\/\/www.warynski.pl\/wp-content\/uploads\/2025\/09\/Targi-w-Kielcach-4-300x300.png 300w, https:\/\/www.warynski.pl\/wp-content\/uploads\/2025\/09\/Targi-w-Kielcach-4-150x150.png 150w, https:\/\/www.warynski.pl\/wp-content\/uploads\/2025\/09\/Targi-w-Kielcach-4-768x768.png 768w, https:\/\/www.warynski.pl\/wp-content\/uploads\/2025\/09\/Targi-w-Kielcach-4-500x500.png 500w\" sizes=\"(max-width: 960px) 100vw, 960px\" \/><\/figure>\n\n\n\n<figure class=\"wp-block-image size-large\"><img loading=\"lazy\" decoding=\"async\" width=\"960\" height=\"960\" data-id=\"3266\" src=\"https:\/\/www.warynski.pl\/wp-content\/uploads\/2025\/09\/Targi-w-Kielcach-7.png\" alt=\"\" class=\"wp-image-3266\" srcset=\"https:\/\/www.warynski.pl\/wp-content\/uploads\/2025\/09\/Targi-w-Kielcach-7.png 960w, https:\/\/www.warynski.pl\/wp-content\/uploads\/2025\/09\/Targi-w-Kielcach-7-300x300.png 300w, https:\/\/www.warynski.pl\/wp-content\/uploads\/2025\/09\/Targi-w-Kielcach-7-150x150.png 150w, https:\/\/www.warynski.pl\/wp-content\/uploads\/2025\/09\/Targi-w-Kielcach-7-768x768.png 768w, https:\/\/www.warynski.pl\/wp-content\/uploads\/2025\/09\/Targi-w-Kielcach-7-500x500.png 500w\" sizes=\"(max-width: 960px) 100vw, 960px\" \/><\/figure>\n\n\n\n<figure class=\"wp-block-image size-large\"><img loading=\"lazy\" decoding=\"async\" width=\"960\" height=\"960\" data-id=\"3265\" src=\"https:\/\/www.warynski.pl\/wp-content\/uploads\/2025\/09\/Targi-w-Kielcach-8.png\" alt=\"\" class=\"wp-image-3265\" srcset=\"https:\/\/www.warynski.pl\/wp-content\/uploads\/2025\/09\/Targi-w-Kielcach-8.png 960w, https:\/\/www.warynski.pl\/wp-content\/uploads\/2025\/09\/Targi-w-Kielcach-8-300x300.png 300w, https:\/\/www.warynski.pl\/wp-content\/uploads\/2025\/09\/Targi-w-Kielcach-8-150x150.png 150w, https:\/\/www.warynski.pl\/wp-content\/uploads\/2025\/09\/Targi-w-Kielcach-8-768x768.png 768w, https:\/\/www.warynski.pl\/wp-content\/uploads\/2025\/09\/Targi-w-Kielcach-8-500x500.png 500w\" sizes=\"(max-width: 960px) 100vw, 960px\" \/><\/figure>\n<\/figure>\n","protected":false},"excerpt":"Wary\u0144ski S.A. Grupa Holdingowa uczestniczy\u0142a w Mi\u0119dzynarodowych Targach Przemys\u0142u Obronnego, kt\u00f3re odby\u0142y si\u0119 na pocz\u0105tku wrze\u015bnia w Kielcach. Celem by\u0142o jednoznaczne wsparcie Polskiej Grupy Zbrojeniowej, kt\u00f3ra posiada dominuj\u0105cy udzia\u0142 w sp\u00f3\u0142ce Wary\u0144ski. Nasza obecno\u015b\u0107 mia\u0142a wyj\u0105tkowo aktywny charakter: brali\u015bmy udzia\u0142 w licznych dyskusjach bran\u017cowych, uczestniczyli\u015bmy w konferencjach prasowych oraz spotykali\u015bmy si\u0119 z osobami o ugruntowanym [&hellip;]","author":3,"featured_media":3260,"comment_status":"closed","ping_status":"closed","sticky":false,"template":"","format":"standard","meta":{"_acf_changed":false,"inline_featured_image":false,"footnotes":""},"categories":[1],"tags":[],"class_list":["post-3259","post","type-post","status-publish","format-standard","has-post-thumbnail","hentry","category-bez-kategorii"],"acf":[],"yoast_head":"<!-- This site is optimized with the Yoast SEO plugin v27.3 - https:\/\/yoast.com\/product\/yoast-seo-wordpress\/ -->\n<title>Grupa Wary\u0144ski na Mi\u0119dzynarodowych Targach Przemys\u0142u Obronnego w Kielcach - Wary\u0144ski S.A. Grupa Holdingowa<\/title>\n<meta name=\"robots\" content=\"index, follow, max-snippet:-1, max-image-preview:large, max-video-preview:-1\" \/>\n<link rel=\"canonical\" href=\"https:\/\/www.warynski.pl\/grupa-warynski-na-miedzynarodowych-targach-przemyslu-obronnego-w-kielcach\/\" \/>\n<meta property=\"og:locale\" content=\"pl_PL\" \/>\n<meta property=\"og:type\" content=\"article\" \/>\n<meta property=\"og:title\" content=\"Grupa Wary\u0144ski na Mi\u0119dzynarodowych Targach Przemys\u0142u Obronnego w Kielcach - Wary\u0144ski S.A. Grupa Holdingowa\" \/>\n<meta property=\"og:description\" content=\"Wary\u0144ski S.A. Grupa Holdingowa uczestniczy\u0142a w Mi\u0119dzynarodowych Targach Przemys\u0142u Obronnego, kt\u00f3re odby\u0142y si\u0119 na pocz\u0105tku wrze\u015bnia w Kielcach. Celem by\u0142o jednoznaczne wsparcie Polskiej Grupy Zbrojeniowej, kt\u00f3ra posiada dominuj\u0105cy udzia\u0142 w sp\u00f3\u0142ce Wary\u0144ski. Nasza obecno\u015b\u0107 mia\u0142a wyj\u0105tkowo aktywny charakter: brali\u015bmy udzia\u0142 w licznych dyskusjach bran\u017cowych, uczestniczyli\u015bmy w konferencjach prasowych oraz spotykali\u015bmy si\u0119 z osobami o ugruntowanym [&hellip;]\" \/>\n<meta property=\"og:url\" content=\"https:\/\/www.warynski.pl\/grupa-warynski-na-miedzynarodowych-targach-przemyslu-obronnego-w-kielcach\/\" \/>\n<meta property=\"og:site_name\" content=\"Wary\u0144ski S.A. Grupa Holdingowa\" \/>\n<meta property=\"article:publisher\" content=\"https:\/\/www.facebook.com\/GrupaWarynski\" \/>\n<meta property=\"article:published_time\" content=\"2025-09-09T12:37:17+00:00\" \/>\n<meta property=\"article:modified_time\" content=\"2025-09-09T12:37:18+00:00\" \/>\n<meta property=\"og:image\" content=\"https:\/\/www.warynski.pl\/wp-content\/uploads\/2025\/09\/Targi-w-Kielcach-4.png\" \/>\n\t<meta property=\"og:image:width\" content=\"960\" \/>\n\t<meta property=\"og:image:height\" content=\"960\" \/>\n\t<meta property=\"og:image:type\" content=\"image\/png\" \/>\n<meta name=\"author\" content=\"a.lemanowicz\" \/>\n<meta name=\"twitter:card\" content=\"summary_large_image\" \/>\n<meta name=\"twitter:label1\" content=\"Napisane przez\" \/>\n\t<meta name=\"twitter:data1\" content=\"a.lemanowicz\" \/>\n\t<meta name=\"twitter:label2\" content=\"Szacowany czas czytania\" \/>\n\t<meta name=\"twitter:data2\" content=\"3 minuty\" \/>\n<script type=\"application\/ld+json\" class=\"yoast-schema-graph\">{\"@context\":\"https:\\\/\\\/schema.org\",\"@graph\":[{\"@type\":\"Article\",\"@id\":\"https:\\\/\\\/www.warynski.pl\\\/grupa-warynski-na-miedzynarodowych-targach-przemyslu-obronnego-w-kielcach\\\/#article\",\"isPartOf\":{\"@id\":\"https:\\\/\\\/www.warynski.pl\\\/grupa-warynski-na-miedzynarodowych-targach-przemyslu-obronnego-w-kielcach\\\/\"},\"author\":{\"name\":\"a.lemanowicz\",\"@id\":\"https:\\\/\\\/www.warynski.pl\\\/#\\\/schema\\\/person\\\/5afe7af35ef4098378823e235cc939b6\"},\"headline\":\"Grupa Wary\u0144ski na Mi\u0119dzynarodowych Targach Przemys\u0142u Obronnego w Kielcach\",\"datePublished\":\"2025-09-09T12:37:17+00:00\",\"dateModified\":\"2025-09-09T12:37:18+00:00\",\"mainEntityOfPage\":{\"@id\":\"https:\\\/\\\/www.warynski.pl\\\/grupa-warynski-na-miedzynarodowych-targach-przemyslu-obronnego-w-kielcach\\\/\"},\"wordCount\":195,\"publisher\":{\"@id\":\"https:\\\/\\\/www.warynski.pl\\\/#organization\"},\"image\":{\"@id\":\"https:\\\/\\\/www.warynski.pl\\\/grupa-warynski-na-miedzynarodowych-targach-przemyslu-obronnego-w-kielcach\\\/#primaryimage\"},\"thumbnailUrl\":\"https:\\\/\\\/www.warynski.pl\\\/wp-content\\\/uploads\\\/2025\\\/09\\\/Targi-w-Kielcach-4.png\",\"inLanguage\":\"pl-PL\"},{\"@type\":\"WebPage\",\"@id\":\"https:\\\/\\\/www.warynski.pl\\\/grupa-warynski-na-miedzynarodowych-targach-przemyslu-obronnego-w-kielcach\\\/\",\"url\":\"https:\\\/\\\/www.warynski.pl\\\/grupa-warynski-na-miedzynarodowych-targach-przemyslu-obronnego-w-kielcach\\\/\",\"name\":\"Grupa Wary\u0144ski na Mi\u0119dzynarodowych Targach Przemys\u0142u Obronnego w Kielcach - Wary\u0144ski S.A. Grupa Holdingowa\",\"isPartOf\":{\"@id\":\"https:\\\/\\\/www.warynski.pl\\\/#website\"},\"primaryImageOfPage\":{\"@id\":\"https:\\\/\\\/www.warynski.pl\\\/grupa-warynski-na-miedzynarodowych-targach-przemyslu-obronnego-w-kielcach\\\/#primaryimage\"},\"image\":{\"@id\":\"https:\\\/\\\/www.warynski.pl\\\/grupa-warynski-na-miedzynarodowych-targach-przemyslu-obronnego-w-kielcach\\\/#primaryimage\"},\"thumbnailUrl\":\"https:\\\/\\\/www.warynski.pl\\\/wp-content\\\/uploads\\\/2025\\\/09\\\/Targi-w-Kielcach-4.png\",\"datePublished\":\"2025-09-09T12:37:17+00:00\",\"dateModified\":\"2025-09-09T12:37:18+00:00\",\"breadcrumb\":{\"@id\":\"https:\\\/\\\/www.warynski.pl\\\/grupa-warynski-na-miedzynarodowych-targach-przemyslu-obronnego-w-kielcach\\\/#breadcrumb\"},\"inLanguage\":\"pl-PL\",\"potentialAction\":[{\"@type\":\"ReadAction\",\"target\":[\"https:\\\/\\\/www.warynski.pl\\\/grupa-warynski-na-miedzynarodowych-targach-przemyslu-obronnego-w-kielcach\\\/\"]}]},{\"@type\":\"ImageObject\",\"inLanguage\":\"pl-PL\",\"@id\":\"https:\\\/\\\/www.warynski.pl\\\/grupa-warynski-na-miedzynarodowych-targach-przemyslu-obronnego-w-kielcach\\\/#primaryimage\",\"url\":\"https:\\\/\\\/www.warynski.pl\\\/wp-content\\\/uploads\\\/2025\\\/09\\\/Targi-w-Kielcach-4.png\",\"contentUrl\":\"https:\\\/\\\/www.warynski.pl\\\/wp-content\\\/uploads\\\/2025\\\/09\\\/Targi-w-Kielcach-4.png\",\"width\":960,\"height\":960},{\"@type\":\"BreadcrumbList\",\"@id\":\"https:\\\/\\\/www.warynski.pl\\\/grupa-warynski-na-miedzynarodowych-targach-przemyslu-obronnego-w-kielcach\\\/#breadcrumb\",\"itemListElement\":[{\"@type\":\"ListItem\",\"position\":1,\"name\":\"Strona g\u0142\u00f3wna\",\"item\":\"https:\\\/\\\/www.warynski.pl\\\/\"},{\"@type\":\"ListItem\",\"position\":2,\"name\":\"Grupa Wary\u0144ski na Mi\u0119dzynarodowych Targach Przemys\u0142u Obronnego w Kielcach\"}]},{\"@type\":\"WebSite\",\"@id\":\"https:\\\/\\\/www.warynski.pl\\\/#website\",\"url\":\"https:\\\/\\\/www.warynski.pl\\\/\",\"name\":\"Wary\u0144ski S.A. Grupa Holdingowa\",\"description\":\"\",\"publisher\":{\"@id\":\"https:\\\/\\\/www.warynski.pl\\\/#organization\"},\"potentialAction\":[{\"@type\":\"SearchAction\",\"target\":{\"@type\":\"EntryPoint\",\"urlTemplate\":\"https:\\\/\\\/www.warynski.pl\\\/?s={search_term_string}\"},\"query-input\":{\"@type\":\"PropertyValueSpecification\",\"valueRequired\":true,\"valueName\":\"search_term_string\"}}],\"inLanguage\":\"pl-PL\"},{\"@type\":\"Organization\",\"@id\":\"https:\\\/\\\/www.warynski.pl\\\/#organization\",\"name\":\"Wary\u0144ski S.A. Grupa Holdingowa\",\"url\":\"https:\\\/\\\/www.warynski.pl\\\/\",\"logo\":{\"@type\":\"ImageObject\",\"inLanguage\":\"pl-PL\",\"@id\":\"https:\\\/\\\/www.warynski.pl\\\/#\\\/schema\\\/logo\\\/image\\\/\",\"url\":\"https:\\\/\\\/www.warynski.pl\\\/wp-content\\\/uploads\\\/2024\\\/09\\\/logo-signet-1.svg\",\"contentUrl\":\"https:\\\/\\\/www.warynski.pl\\\/wp-content\\\/uploads\\\/2024\\\/09\\\/logo-signet-1.svg\",\"width\":56,\"height\":56,\"caption\":\"Wary\u0144ski S.A. Grupa Holdingowa\"},\"image\":{\"@id\":\"https:\\\/\\\/www.warynski.pl\\\/#\\\/schema\\\/logo\\\/image\\\/\"},\"sameAs\":[\"https:\\\/\\\/www.facebook.com\\\/GrupaWarynski\",\"https:\\\/\\\/www.instagram.com\\\/warynski_s_a\\\/\"]},{\"@type\":\"Person\",\"@id\":\"https:\\\/\\\/www.warynski.pl\\\/#\\\/schema\\\/person\\\/5afe7af35ef4098378823e235cc939b6\",\"name\":\"a.lemanowicz\"}]}<\/script>\n<!-- \/ Yoast SEO plugin. -->","yoast_head_json":{"title":"Grupa Wary\u0144ski na Mi\u0119dzynarodowych Targach Przemys\u0142u Obronnego w Kielcach - Wary\u0144ski S.A. Grupa Holdingowa","robots":{"index":"index","follow":"follow","max-snippet":"max-snippet:-1","max-image-preview":"max-image-preview:large","max-video-preview":"max-video-preview:-1"},"canonical":"https:\/\/www.warynski.pl\/grupa-warynski-na-miedzynarodowych-targach-przemyslu-obronnego-w-kielcach\/","og_locale":"pl_PL","og_type":"article","og_title":"Grupa Wary\u0144ski na Mi\u0119dzynarodowych Targach Przemys\u0142u Obronnego w Kielcach - Wary\u0144ski S.A. Grupa Holdingowa","og_description":"Wary\u0144ski S.A. Grupa Holdingowa uczestniczy\u0142a w Mi\u0119dzynarodowych Targach Przemys\u0142u Obronnego, kt\u00f3re odby\u0142y si\u0119 na pocz\u0105tku wrze\u015bnia w Kielcach. Celem by\u0142o jednoznaczne wsparcie Polskiej Grupy Zbrojeniowej, kt\u00f3ra posiada dominuj\u0105cy udzia\u0142 w sp\u00f3\u0142ce Wary\u0144ski. Nasza obecno\u015b\u0107 mia\u0142a wyj\u0105tkowo aktywny charakter: brali\u015bmy udzia\u0142 w licznych dyskusjach bran\u017cowych, uczestniczyli\u015bmy w konferencjach prasowych oraz spotykali\u015bmy si\u0119 z osobami o ugruntowanym [&hellip;]","og_url":"https:\/\/www.warynski.pl\/grupa-warynski-na-miedzynarodowych-targach-przemyslu-obronnego-w-kielcach\/","og_site_name":"Wary\u0144ski S.A. Grupa Holdingowa","article_publisher":"https:\/\/www.facebook.com\/GrupaWarynski","article_published_time":"2025-09-09T12:37:17+00:00","article_modified_time":"2025-09-09T12:37:18+00:00","og_image":[{"width":960,"height":960,"url":"https:\/\/www.warynski.pl\/wp-content\/uploads\/2025\/09\/Targi-w-Kielcach-4.png","type":"image\/png"}],"author":"a.lemanowicz","twitter_card":"summary_large_image","twitter_misc":{"Napisane przez":"a.lemanowicz","Szacowany czas czytania":"3 minuty"},"schema":{"@context":"https:\/\/schema.org","@graph":[{"@type":"Article","@id":"https:\/\/www.warynski.pl\/grupa-warynski-na-miedzynarodowych-targach-przemyslu-obronnego-w-kielcach\/#article","isPartOf":{"@id":"https:\/\/www.warynski.pl\/grupa-warynski-na-miedzynarodowych-targach-przemyslu-obronnego-w-kielcach\/"},"author":{"name":"a.lemanowicz","@id":"https:\/\/www.warynski.pl\/#\/schema\/person\/5afe7af35ef4098378823e235cc939b6"},"headline":"Grupa Wary\u0144ski na Mi\u0119dzynarodowych Targach Przemys\u0142u Obronnego w Kielcach","datePublished":"2025-09-09T12:37:17+00:00","dateModified":"2025-09-09T12:37:18+00:00","mainEntityOfPage":{"@id":"https:\/\/www.warynski.pl\/grupa-warynski-na-miedzynarodowych-targach-przemyslu-obronnego-w-kielcach\/"},"wordCount":195,"publisher":{"@id":"https:\/\/www.warynski.pl\/#organization"},"image":{"@id":"https:\/\/www.warynski.pl\/grupa-warynski-na-miedzynarodowych-targach-przemyslu-obronnego-w-kielcach\/#primaryimage"},"thumbnailUrl":"https:\/\/www.warynski.pl\/wp-content\/uploads\/2025\/09\/Targi-w-Kielcach-4.png","inLanguage":"pl-PL"},{"@type":"WebPage","@id":"https:\/\/www.warynski.pl\/grupa-warynski-na-miedzynarodowych-targach-przemyslu-obronnego-w-kielcach\/","url":"https:\/\/www.warynski.pl\/grupa-warynski-na-miedzynarodowych-targach-przemyslu-obronnego-w-kielcach\/","name":"Grupa Wary\u0144ski na Mi\u0119dzynarodowych Targach Przemys\u0142u Obronnego w Kielcach - Wary\u0144ski S.A. Grupa Holdingowa","isPartOf":{"@id":"https:\/\/www.warynski.pl\/#website"},"primaryImageOfPage":{"@id":"https:\/\/www.warynski.pl\/grupa-warynski-na-miedzynarodowych-targach-przemyslu-obronnego-w-kielcach\/#primaryimage"},"image":{"@id":"https:\/\/www.warynski.pl\/grupa-warynski-na-miedzynarodowych-targach-przemyslu-obronnego-w-kielcach\/#primaryimage"},"thumbnailUrl":"https:\/\/www.warynski.pl\/wp-content\/uploads\/2025\/09\/Targi-w-Kielcach-4.png","datePublished":"2025-09-09T12:37:17+00:00","dateModified":"2025-09-09T12:37:18+00:00","breadcrumb":{"@id":"https:\/\/www.warynski.pl\/grupa-warynski-na-miedzynarodowych-targach-przemyslu-obronnego-w-kielcach\/#breadcrumb"},"inLanguage":"pl-PL","potentialAction":[{"@type":"ReadAction","target":["https:\/\/www.warynski.pl\/grupa-warynski-na-miedzynarodowych-targach-przemyslu-obronnego-w-kielcach\/"]}]},{"@type":"ImageObject","inLanguage":"pl-PL","@id":"https:\/\/www.warynski.pl\/grupa-warynski-na-miedzynarodowych-targach-przemyslu-obronnego-w-kielcach\/#primaryimage","url":"https:\/\/www.warynski.pl\/wp-content\/uploads\/2025\/09\/Targi-w-Kielcach-4.png","contentUrl":"https:\/\/www.warynski.pl\/wp-content\/uploads\/2025\/09\/Targi-w-Kielcach-4.png","width":960,"height":960},{"@type":"BreadcrumbList","@id":"https:\/\/www.warynski.pl\/grupa-warynski-na-miedzynarodowych-targach-przemyslu-obronnego-w-kielcach\/#breadcrumb","itemListElement":[{"@type":"ListItem","position":1,"name":"Strona g\u0142\u00f3wna","item":"https:\/\/www.warynski.pl\/"},{"@type":"ListItem","position":2,"name":"Grupa Wary\u0144ski na Mi\u0119dzynarodowych Targach Przemys\u0142u Obronnego w Kielcach"}]},{"@type":"WebSite","@id":"https:\/\/www.warynski.pl\/#website","url":"https:\/\/www.warynski.pl\/","name":"Wary\u0144ski S.A. Grupa Holdingowa","description":"","publisher":{"@id":"https:\/\/www.warynski.pl\/#organization"},"potentialAction":[{"@type":"SearchAction","target":{"@type":"EntryPoint","urlTemplate":"https:\/\/www.warynski.pl\/?s={search_term_string}"},"query-input":{"@type":"PropertyValueSpecification","valueRequired":true,"valueName":"search_term_string"}}],"inLanguage":"pl-PL"},{"@type":"Organization","@id":"https:\/\/www.warynski.pl\/#organization","name":"Wary\u0144ski S.A. Grupa Holdingowa","url":"https:\/\/www.warynski.pl\/","logo":{"@type":"ImageObject","inLanguage":"pl-PL","@id":"https:\/\/www.warynski.pl\/#\/schema\/logo\/image\/","url":"https:\/\/www.warynski.pl\/wp-content\/uploads\/2024\/09\/logo-signet-1.svg","contentUrl":"https:\/\/www.warynski.pl\/wp-content\/uploads\/2024\/09\/logo-signet-1.svg","width":56,"height":56,"caption":"Wary\u0144ski S.A. Grupa Holdingowa"},"image":{"@id":"https:\/\/www.warynski.pl\/#\/schema\/logo\/image\/"},"sameAs":["https:\/\/www.facebook.com\/GrupaWarynski","https:\/\/www.instagram.com\/warynski_s_a\/"]},{"@type":"Person","@id":"https:\/\/www.warynski.pl\/#\/schema\/person\/5afe7af35ef4098378823e235cc939b6","name":"a.lemanowicz"}]}},"gutenberg_blocks":[{"blockName":"custom-styles","attrs":{"styles":""}},{"blockName":"core\/paragraph","attrs":[],"innerBlocks":[],"innerHTML":"\n<p><strong>Wary\u0144ski S.A. <\/strong>Grupa Holdingowa uczestniczy\u0142a w M<strong>i\u0119dzynarodowych Targach Przemys\u0142u Obronnego<\/strong>, kt\u00f3re odby\u0142y si\u0119 na pocz\u0105tku wrze\u015bnia w Kielcach.  Celem by\u0142o jednoznaczne wsparcie Polskiej Grupy Zbrojeniowej, kt\u00f3ra posiada dominuj\u0105cy udzia\u0142 w sp\u00f3\u0142ce Wary\u0144ski. Nasza obecno\u015b\u0107 mia\u0142a wyj\u0105tkowo aktywny charakter: brali\u015bmy udzia\u0142 w licznych dyskusjach bran\u017cowych, uczestniczyli\u015bmy w konferencjach prasowych oraz spotykali\u015bmy si\u0119 z osobami o ugruntowanym autorytecie i do\u015bwiadczeniu.<\/p>\n","innerContent":["\n<p><strong>Wary\u0144ski S.A. <\/strong>Grupa Holdingowa uczestniczy\u0142a w M<strong>i\u0119dzynarodowych Targach Przemys\u0142u Obronnego<\/strong>, kt\u00f3re odby\u0142y si\u0119 na pocz\u0105tku wrze\u015bnia w Kielcach.  Celem by\u0142o jednoznaczne wsparcie Polskiej Grupy Zbrojeniowej, kt\u00f3ra posiada dominuj\u0105cy udzia\u0142 w sp\u00f3\u0142ce Wary\u0144ski. Nasza obecno\u015b\u0107 mia\u0142a wyj\u0105tkowo aktywny charakter: brali\u015bmy udzia\u0142 w licznych dyskusjach bran\u017cowych, uczestniczyli\u015bmy w konferencjach prasowych oraz spotykali\u015bmy si\u0119 z osobami o ugruntowanym autorytecie i do\u015bwiadczeniu.<\/p>\n"]},{"blockName":"core\/paragraph","attrs":[],"innerBlocks":[],"innerHTML":"\n<p>Dni targowe po\u015bwi\u0119cili\u015bmy przede wszystkim obserwacji rynku i budowaniu kontakt\u00f3w \u2014 prowadz\u0105c rozmowy z producentami, uczestnicz\u0105c w panelach eksperckich oraz realizuj\u0105c kr\u00f3tkie, konkretne spotkania z partnerami. Zebrane informacje i relacje pos\u0142u\u017c\u0105 do skutecznego wspierania dzia\u0142a\u0144 PGZ oraz do klarownego okre\u015blenia naszej roli w ca\u0142ym \u0142a\u0144cuchu warto\u015bci.<\/p>\n","innerContent":["\n<p>Dni targowe po\u015bwi\u0119cili\u015bmy przede wszystkim obserwacji rynku i budowaniu kontakt\u00f3w \u2014 prowadz\u0105c rozmowy z producentami, uczestnicz\u0105c w panelach eksperckich oraz realizuj\u0105c kr\u00f3tkie, konkretne spotkania z partnerami. Zebrane informacje i relacje pos\u0142u\u017c\u0105 do skutecznego wspierania dzia\u0142a\u0144 PGZ oraz do klarownego okre\u015blenia naszej roli w ca\u0142ym \u0142a\u0144cuchu warto\u015bci.<\/p>\n"]},{"blockName":"core\/paragraph","attrs":[],"innerBlocks":[],"innerHTML":"\n<p>Wary\u0144ski kontynuuje zaanga\u017cowanie w inicjatywy, kt\u00f3re wzmacniaj\u0105 dialog przemys\u0142u z administracj\u0105 i przyczyniaj\u0105 si\u0119 do podnoszenia odporno\u015bci kraju. <strong>Budujemy dla bezpiecze\u0144stwa!<\/strong><\/p>\n","innerContent":["\n<p>Wary\u0144ski kontynuuje zaanga\u017cowanie w inicjatywy, kt\u00f3re wzmacniaj\u0105 dialog przemys\u0142u z administracj\u0105 i przyczyniaj\u0105 si\u0119 do podnoszenia odporno\u015bci kraju. <strong>Budujemy dla bezpiecze\u0144stwa!<\/strong><\/p>\n"]},{"blockName":"core\/paragraph","attrs":[],"innerBlocks":[],"innerHTML":"\n<p>Serdecznie dzi\u0119kujemy organizatorom i partnerom targ\u00f3w za mo\u017cliwo\u015b\u0107 udzia\u0142u w tym wa\u017cnym wydarzeniu.<\/p>\n","innerContent":["\n<p>Serdecznie dzi\u0119kujemy organizatorom i partnerom targ\u00f3w za mo\u017cliwo\u015b\u0107 udzia\u0142u w tym wa\u017cnym wydarzeniu.<\/p>\n"]},{"blockName":"core\/gallery","attrs":{"linkTo":"none"},"innerBlocks":[{"blockName":"core\/image","attrs":{"id":3263,"sizeSlug":"large","linkDestination":"none"},"innerBlocks":[],"innerHTML":"\n<figure class=\"wp-block-image size-large\"><img src=\"https:\/\/www.warynski.pl\/wp-content\/uploads\/2025\/09\/Targi-w-Kielcach-1-1024x858.png\" alt=\"\" class=\"wp-image-3263\"\/><\/figure>\n","innerContent":["\n<figure class=\"wp-block-image size-large\"><img src=\"https:\/\/www.warynski.pl\/wp-content\/uploads\/2025\/09\/Targi-w-Kielcach-1-1024x858.png\" alt=\"\" class=\"wp-image-3263\"\/><\/figure>\n"]},{"blockName":"core\/image","attrs":{"id":3261,"sizeSlug":"large","linkDestination":"none"},"innerBlocks":[],"innerHTML":"\n<figure class=\"wp-block-image size-large\"><img src=\"https:\/\/www.warynski.pl\/wp-content\/uploads\/2025\/09\/Targi-w-Kielcach-3.png\" alt=\"\" class=\"wp-image-3261\"\/><\/figure>\n","innerContent":["\n<figure class=\"wp-block-image size-large\"><img src=\"https:\/\/www.warynski.pl\/wp-content\/uploads\/2025\/09\/Targi-w-Kielcach-3.png\" alt=\"\" class=\"wp-image-3261\"\/><\/figure>\n"]},{"blockName":"core\/image","attrs":{"id":3268,"sizeSlug":"large","linkDestination":"none"},"innerBlocks":[],"innerHTML":"\n<figure class=\"wp-block-image size-large\"><img src=\"https:\/\/www.warynski.pl\/wp-content\/uploads\/2025\/09\/Targi-w-Kielcach-5.png\" alt=\"\" class=\"wp-image-3268\"\/><\/figure>\n","innerContent":["\n<figure class=\"wp-block-image size-large\"><img src=\"https:\/\/www.warynski.pl\/wp-content\/uploads\/2025\/09\/Targi-w-Kielcach-5.png\" alt=\"\" class=\"wp-image-3268\"\/><\/figure>\n"]},{"blockName":"core\/image","attrs":{"id":3264,"sizeSlug":"large","linkDestination":"none"},"innerBlocks":[],"innerHTML":"\n<figure class=\"wp-block-image size-large\"><img src=\"https:\/\/www.warynski.pl\/wp-content\/uploads\/2025\/09\/Targi-w-Kielcach-9.png\" alt=\"\" class=\"wp-image-3264\"\/><\/figure>\n","innerContent":["\n<figure class=\"wp-block-image size-large\"><img src=\"https:\/\/www.warynski.pl\/wp-content\/uploads\/2025\/09\/Targi-w-Kielcach-9.png\" alt=\"\" class=\"wp-image-3264\"\/><\/figure>\n"]},{"blockName":"core\/image","attrs":{"id":3267,"sizeSlug":"large","linkDestination":"none"},"innerBlocks":[],"innerHTML":"\n<figure class=\"wp-block-image size-large\"><img src=\"https:\/\/www.warynski.pl\/wp-content\/uploads\/2025\/09\/Targi-w-Kielcach-6.png\" alt=\"\" class=\"wp-image-3267\"\/><\/figure>\n","innerContent":["\n<figure class=\"wp-block-image size-large\"><img src=\"https:\/\/www.warynski.pl\/wp-content\/uploads\/2025\/09\/Targi-w-Kielcach-6.png\" alt=\"\" class=\"wp-image-3267\"\/><\/figure>\n"]},{"blockName":"core\/image","attrs":{"id":3260,"sizeSlug":"large","linkDestination":"none"},"innerBlocks":[],"innerHTML":"\n<figure class=\"wp-block-image size-large\"><img src=\"https:\/\/www.warynski.pl\/wp-content\/uploads\/2025\/09\/Targi-w-Kielcach-4.png\" alt=\"\" class=\"wp-image-3260\"\/><\/figure>\n","innerContent":["\n<figure class=\"wp-block-image size-large\"><img src=\"https:\/\/www.warynski.pl\/wp-content\/uploads\/2025\/09\/Targi-w-Kielcach-4.png\" alt=\"\" class=\"wp-image-3260\"\/><\/figure>\n"]},{"blockName":"core\/image","attrs":{"id":3266,"sizeSlug":"large","linkDestination":"none"},"innerBlocks":[],"innerHTML":"\n<figure class=\"wp-block-image size-large\"><img src=\"https:\/\/www.warynski.pl\/wp-content\/uploads\/2025\/09\/Targi-w-Kielcach-7.png\" alt=\"\" class=\"wp-image-3266\"\/><\/figure>\n","innerContent":["\n<figure class=\"wp-block-image size-large\"><img src=\"https:\/\/www.warynski.pl\/wp-content\/uploads\/2025\/09\/Targi-w-Kielcach-7.png\" alt=\"\" class=\"wp-image-3266\"\/><\/figure>\n"]},{"blockName":"core\/image","attrs":{"id":3265,"sizeSlug":"large","linkDestination":"none"},"innerBlocks":[],"innerHTML":"\n<figure class=\"wp-block-image size-large\"><img src=\"https:\/\/www.warynski.pl\/wp-content\/uploads\/2025\/09\/Targi-w-Kielcach-8.png\" alt=\"\" class=\"wp-image-3265\"\/><\/figure>\n","innerContent":["\n<figure class=\"wp-block-image size-large\"><img src=\"https:\/\/www.warynski.pl\/wp-content\/uploads\/2025\/09\/Targi-w-Kielcach-8.png\" alt=\"\" class=\"wp-image-3265\"\/><\/figure>\n"]}],"innerHTML":"\n<figure class=\"wp-block-gallery has-nested-images columns-default is-cropped\">\n\n\n\n\n\n\n\n\n\n\n\n\n\n<\/figure>\n","innerContent":["\n<figure class=\"wp-block-gallery has-nested-images columns-default is-cropped\">",null,"\n\n",null,"\n\n",null,"\n\n",null,"\n\n",null,"\n\n",null,"\n\n",null,"\n\n",null,"<\/figure>\n"]}],"meta_data":false,"featured_image":{"url":"https:\/\/www.warynski.pl\/wp-content\/uploads\/2025\/09\/Targi-w-Kielcach-4.png"},"main_category":{"name":"Bez kategorii"},"prev_page":{"slug":"warynski-s-a-na-dniach-dewelopera-2025-we-wroclawiu"},"next_page":{"slug":"nowy-prezes-i-wiceprezes-zarzadu-warynski-s-a-grupa-holdingowa"},"_links":{"self":[{"href":"https:\/\/www.warynski.pl\/index.php\/wp-json\/wp\/v2\/posts\/3259","targetHints":{"allow":["GET"]}}],"collection":[{"href":"https:\/\/www.warynski.pl\/index.php\/wp-json\/wp\/v2\/posts"}],"about":[{"href":"https:\/\/www.warynski.pl\/index.php\/wp-json\/wp\/v2\/types\/post"}],"author":[{"embeddable":true,"href":"https:\/\/www.warynski.pl\/index.php\/wp-json\/wp\/v2\/users\/3"}],"replies":[{"embeddable":true,"href":"https:\/\/www.warynski.pl\/index.php\/wp-json\/wp\/v2\/comments?post=3259"}],"version-history":[{"count":1,"href":"https:\/\/www.warynski.pl\/index.php\/wp-json\/wp\/v2\/posts\/3259\/revisions"}],"predecessor-version":[{"id":3269,"href":"https:\/\/www.warynski.pl\/index.php\/wp-json\/wp\/v2\/posts\/3259\/revisions\/3269"}],"wp:featuredmedia":[{"embeddable":true,"href":"https:\/\/www.warynski.pl\/index.php\/wp-json\/wp\/v2\/media\/3260"}],"wp:attachment":[{"href":"https:\/\/www.warynski.pl\/index.php\/wp-json\/wp\/v2\/media?parent=3259"}],"wp:term":[{"taxonomy":"category","embeddable":true,"href":"https:\/\/www.warynski.pl\/index.php\/wp-json\/wp\/v2\/categories?post=3259"},{"taxonomy":"post_tag","embeddable":true,"href":"https:\/\/www.warynski.pl\/index.php\/wp-json\/wp\/v2\/tags?post=3259"}],"curies":[{"name":"wp","href":"https:\/\/api.w.org\/{rel}","templated":true}]}}